{"id":19890,"date":"2026-03-04T01:40:17","date_gmt":"2026-03-04T01:40:17","guid":{"rendered":"https:\/\/infozamoraec.com\/?p=19890"},"modified":"2026-03-05T01:23:59","modified_gmt":"2026-03-05T01:23:59","slug":"trump-amenaza-a-espana-con-cortar-comercio-por-iran","status":"publish","type":"post","link":"https:\/\/infozamoraec.com\/index.php\/2026\/03\/04\/trump-amenaza-a-espana-con-cortar-comercio-por-iran\/","title":{"rendered":"Trump amenaza a Espa\u00f1a con cortar comercio por Ir\u00e1n"},"content":{"rendered":"<p>El presidente estadounidense, Donald Trump, ha amenazado este martes (03.03.2026) con \u00abcortar todo el comercio con Espa\u00f1a\u00bb por su postura en relaci\u00f3n a la ofensiva contra Ir\u00e1n e imponer un embargo comercial al pa\u00eds despu\u00e9s de la negativa del Gobierno espa\u00f1ol a autorizar el uso de las bases de Mor\u00f3n y Rota en las operaciones militares contra Teher\u00e1n. Adem\u00e1s, de oponerse a aumentar su gasto en defensa en el marco de la OTAN.<\/p>\n<p>\u00abPodr\u00eda parar todo lo relacionado con Espa\u00f1a, todos los negocios relacionados con Espa\u00f1a; tengo derecho a pararlo. Embargos. Hago lo que quiera con ellos y podr\u00edamos hacerlo con Espa\u00f1a. Vamos a cortar todo comercio con Espa\u00f1a\u00bb, ha declarado Trump durante un encuentro con el canciller alem\u00e1n, Friedrich Merz, en la Casa Blanca.<\/p>\n<p>El presidente estadounidense ha a\u00f1adido que \u00abno quiere tener nada que ver\u00bb con Espa\u00f1a y dijo que \u00abha sido terrible\u00bb. \u00abEspa\u00f1a no tiene absolutamente nada que necesitemos, salvo gente estupenda. Tienen gente estupenda, pero les falta un gran liderazgo\u00bb, ha asegurado.<\/p>\n<p>Por su parte, el Gobierno de Pedro S\u00e1nchez ha asegurado que Espa\u00f1a cumple sus compromisos con la OTAN y con la defensa europea, y le ha advertido de que si quiere revisar la relaci\u00f3n bilateral, debe respetar la legalidad internacional y los acuerdos entre la UE y Estados Unidos.<\/p>\n<p>Madrid ha recalcado que si la administraci\u00f3n norteamericana quiere revisar la relaci\u00f3n de Estados Unidos con Espa\u00f1a, deber\u00e1 hacerlo respetando la autonom\u00eda de las empresas privadas, la legalidad internacional y los acuerdos bilaterales entre la Uni\u00f3n Europea y Estados Unidos.<\/p>\n<p>ct (efe, afp, el pa\u00eds)<\/p>\n","protected":false},"excerpt":{"rendered":"<p>El presidente estadounidense, Donald Trump, ha amenazado este martes (03.03.2026) con \u00abcortar todo el comercio con Espa\u00f1a\u00bb por su postura en relaci\u00f3n a la ofensiva contra Ir\u00e1n e imponer un embargo comercial al pa\u00eds despu\u00e9s de la negativa del Gobierno espa\u00f1ol a autorizar el uso de las bases de Mor\u00f3n y Rota en las operaciones [&hellip;]<\/p>\n","protected":false},"author":1,"featured_media":19891,"comment_status":"open","ping_status":"open","sticky":false,"template":"","format":"standard","meta":{"footnotes":""},"categories":[8],"tags":[],"_links":{"self":[{"href":"https:\/\/infozamoraec.com\/index.php\/wp-json\/wp\/v2\/posts\/19890"}],"collection":[{"href":"https:\/\/infozamoraec.com\/index.php\/wp-json\/wp\/v2\/posts"}],"about":[{"href":"https:\/\/infozamoraec.com\/index.php\/wp-json\/wp\/v2\/types\/post"}],"author":[{"embeddable":true,"href":"https:\/\/infozamoraec.com\/index.php\/wp-json\/wp\/v2\/users\/1"}],"replies":[{"embeddable":true,"href":"https:\/\/infozamoraec.com\/index.php\/wp-json\/wp\/v2\/comments?post=19890"}],"version-history":[{"count":1,"href":"https:\/\/infozamoraec.com\/index.php\/wp-json\/wp\/v2\/posts\/19890\/revisions"}],"predecessor-version":[{"id":19892,"href":"https:\/\/infozamoraec.com\/index.php\/wp-json\/wp\/v2\/posts\/19890\/revisions\/19892"}],"wp:featuredmedia":[{"embeddable":true,"href":"https:\/\/infozamoraec.com\/index.php\/wp-json\/wp\/v2\/media\/19891"}],"wp:attachment":[{"href":"https:\/\/infozamoraec.com\/index.php\/wp-json\/wp\/v2\/media?parent=19890"}],"wp:term":[{"taxonomy":"category","embeddable":true,"href":"https:\/\/infozamoraec.com\/index.php\/wp-json\/wp\/v2\/categories?post=19890"},{"taxonomy":"post_tag","embeddable":true,"href":"https:\/\/infozamoraec.com\/index.php\/wp-json\/wp\/v2\/tags?post=19890"}],"curies":[{"name":"wp","href":"https:\/\/api.w.org\/{rel}","templated":true}]}}