{"id":19887,"date":"2026-03-04T01:38:52","date_gmt":"2026-03-04T01:38:52","guid":{"rendered":"https:\/\/infozamoraec.com\/?p=19887"},"modified":"2026-03-04T01:38:52","modified_gmt":"2026-03-04T01:38:52","slug":"mexico-incauta-mas-de-100-000-pastillas-de-fentanilo","status":"publish","type":"post","link":"https:\/\/infozamoraec.com\/index.php\/2026\/03\/04\/mexico-incauta-mas-de-100-000-pastillas-de-fentanilo\/","title":{"rendered":"M\u00e9xico incauta m\u00e1s de 100.000 pastillas de fentanilo"},"content":{"rendered":"<p>El gobierno de M\u00e9xico incaut\u00f3 m\u00e1s de 100.000 pastillas de fentanilo en el estado de Sinaloa (noroeste), una regi\u00f3n que se ha visto sacudida por la violencia ligada al crimen organizado, se inforrm\u00f3 oficialmente el martes (03.03.3036).<\/p>\n<p>M\u00e9xico ha aumentado las incautaciones y detenciones de criminales, en medio de la presi\u00f3n del gobierno de Donald Trump para que frene el tr\u00e1fico de drogas, en particular del letal fentanilo, un potente opioide que ha causado una crisis sanitaria en Estados Unidos.<\/p>\n<p>Al realizar una inspecci\u00f3n a una persona en motocicleta, agentes de seguridad \u00abhallaron 104.000 pastillas de fentanilo, las cuales se encontraban en el interior de una mochila\u00bb, dijo el gobierno mexicano en un comunicado.<\/p>\n<p>La droga y la motocicleta fueron puestos a disposici\u00f3n de las autoridades, a\u00f1adi\u00f3 el reporte.<\/p>\n<p>El estado de Sinaloa ha sido sacudido por asesinatos y secuestros cotidianos en el marco de una lucha interna entre facciones del poderoso C\u00e1rtel de Sinaloa. La pugna acumula m\u00e1s de 1.700 personas asesinadas y casi 2.000 desaparecidas en poco m\u00e1s de un a\u00f1o.<\/p>\n<p>Trump firm\u00f3 en diciembre del a\u00f1o pasado un decreto que clasifica al fentanilo como \u00abarma de destrucci\u00f3n masiva\u00bb, en medio de una constante presi\u00f3n al gobierno de la presidenta Claudia Sheinbaum.<\/p>\n<p>El 22 de febrero pasado, el gobierno mexicano abati\u00f3 en Jalisco (oeste) a Nemesio Oseguera \u00abEl Mencho\u00bb, l\u00edder del C\u00e1rtel Jalisco Nueva Generaci\u00f3n (CJNG), uno de los m\u00e1s grandes y poderosos del pa\u00eds.<\/p>\n<p>gs (afp, Milenio)<\/p>\n","protected":false},"excerpt":{"rendered":"<p>El gobierno de M\u00e9xico incaut\u00f3 m\u00e1s de 100.000 pastillas de fentanilo en el estado de Sinaloa (noroeste), una regi\u00f3n que se ha visto sacudida por la violencia ligada al crimen organizado, se inforrm\u00f3 oficialmente el martes (03.03.3036). M\u00e9xico ha aumentado las incautaciones y detenciones de criminales, en medio de la presi\u00f3n del gobierno de Donald [&hellip;]<\/p>\n","protected":false},"author":1,"featured_media":19888,"comment_status":"open","ping_status":"open","sticky":false,"template":"","format":"standard","meta":{"footnotes":""},"categories":[8],"tags":[],"_links":{"self":[{"href":"https:\/\/infozamoraec.com\/index.php\/wp-json\/wp\/v2\/posts\/19887"}],"collection":[{"href":"https:\/\/infozamoraec.com\/index.php\/wp-json\/wp\/v2\/posts"}],"about":[{"href":"https:\/\/infozamoraec.com\/index.php\/wp-json\/wp\/v2\/types\/post"}],"author":[{"embeddable":true,"href":"https:\/\/infozamoraec.com\/index.php\/wp-json\/wp\/v2\/users\/1"}],"replies":[{"embeddable":true,"href":"https:\/\/infozamoraec.com\/index.php\/wp-json\/wp\/v2\/comments?post=19887"}],"version-history":[{"count":1,"href":"https:\/\/infozamoraec.com\/index.php\/wp-json\/wp\/v2\/posts\/19887\/revisions"}],"predecessor-version":[{"id":19889,"href":"https:\/\/infozamoraec.com\/index.php\/wp-json\/wp\/v2\/posts\/19887\/revisions\/19889"}],"wp:featuredmedia":[{"embeddable":true,"href":"https:\/\/infozamoraec.com\/index.php\/wp-json\/wp\/v2\/media\/19888"}],"wp:attachment":[{"href":"https:\/\/infozamoraec.com\/index.php\/wp-json\/wp\/v2\/media?parent=19887"}],"wp:term":[{"taxonomy":"category","embeddable":true,"href":"https:\/\/infozamoraec.com\/index.php\/wp-json\/wp\/v2\/categories?post=19887"},{"taxonomy":"post_tag","embeddable":true,"href":"https:\/\/infozamoraec.com\/index.php\/wp-json\/wp\/v2\/tags?post=19887"}],"curies":[{"name":"wp","href":"https:\/\/api.w.org\/{rel}","templated":true}]}}