{"id":19880,"date":"2026-03-04T01:34:15","date_gmt":"2026-03-04T01:34:15","guid":{"rendered":"https:\/\/infozamoraec.com\/?p=19880"},"modified":"2026-03-04T01:34:15","modified_gmt":"2026-03-04T01:34:15","slug":"el-banano-ecuatoriano-analiza-otras-rutas-para-llegar-a-medio-oriente","status":"publish","type":"post","link":"https:\/\/infozamoraec.com\/index.php\/2026\/03\/04\/el-banano-ecuatoriano-analiza-otras-rutas-para-llegar-a-medio-oriente\/","title":{"rendered":"El banano ecuatoriano analiza otras rutas para llegar a Medio Oriente"},"content":{"rendered":"<p>La guerra de Ir\u00e1n puede afectar las exportaciones de productos ecuatorianos como el banano a Medio Oriente, ya que el conflicto impacta en la log\u00edstica del env\u00edo de la mercanc\u00eda.<\/p>\n<p>Ante ello, el sector exportador del pa\u00eds est\u00e1 analizando, junto con las navieras, desembarcar los productos en otros puertos donde el conflicto b\u00e9lico no interfiera directamente, seg\u00fan dijo el ministro de Agricultura y Ganader\u00eda, Juan Carlos Vega.<\/p>\n<p>El ministro, quien habl\u00f3 en entrevista en Teleamazonas espec\u00edficamente del sector bananero y platanero exportador del pa\u00eds, detall\u00f3 que, ante la dificultad de llegar a los destinos de Medio Oriente, esa industria podr\u00eda incrementar su venta hacia el mercado estadounidense.<\/p>\n<p>La escalada de la guerra ha generado tensi\u00f3n en rutas mar\u00edtimas clave como el Estrecho de Ormuz, por donde pasa el 20 % del petr\u00f3leo mundial, lo que ha encarecido los seguros y transporte mar\u00edtimo por el riesgo en la zona, lo que puede traducirse en mayores costos de exportaci\u00f3n para bienes desde Ecuador como el banano.<\/p>\n<p>Seg\u00fan datos de la Asociaci\u00f3n de Comercializaci\u00f3n y Exportaci\u00f3n de Banano (Acorbanec), hasta enero de este a\u00f1o, Medio Oriente es el cuarto destino del banano ecuatoriano con una participaci\u00f3n del 11,37 %.<\/p>\n<p>El primer lugar y al que hasta ahora las exportaciones llegan sin dificultad, tras el conflicto en Ir\u00e1n, es la Uni\u00f3n Europea a la que le llega el 34,36 % del banano total exportado. Le sigue Rusia con el 22,05 % y Estados Unidos con el 14,71 %. Asia Oriental tambi\u00e9n gana terreno con el 5,28 %.<\/p>\n","protected":false},"excerpt":{"rendered":"<p>La guerra de Ir\u00e1n puede afectar las exportaciones de productos ecuatorianos como el banano a Medio Oriente, ya que el conflicto impacta en la log\u00edstica del env\u00edo de la mercanc\u00eda. Ante ello, el sector exportador del pa\u00eds est\u00e1 analizando, junto con las navieras, desembarcar los productos en otros puertos donde el conflicto b\u00e9lico no interfiera [&hellip;]<\/p>\n","protected":false},"author":1,"featured_media":19881,"comment_status":"open","ping_status":"open","sticky":false,"template":"","format":"standard","meta":{"footnotes":""},"categories":[12],"tags":[],"_links":{"self":[{"href":"https:\/\/infozamoraec.com\/index.php\/wp-json\/wp\/v2\/posts\/19880"}],"collection":[{"href":"https:\/\/infozamoraec.com\/index.php\/wp-json\/wp\/v2\/posts"}],"about":[{"href":"https:\/\/infozamoraec.com\/index.php\/wp-json\/wp\/v2\/types\/post"}],"author":[{"embeddable":true,"href":"https:\/\/infozamoraec.com\/index.php\/wp-json\/wp\/v2\/users\/1"}],"replies":[{"embeddable":true,"href":"https:\/\/infozamoraec.com\/index.php\/wp-json\/wp\/v2\/comments?post=19880"}],"version-history":[{"count":1,"href":"https:\/\/infozamoraec.com\/index.php\/wp-json\/wp\/v2\/posts\/19880\/revisions"}],"predecessor-version":[{"id":19882,"href":"https:\/\/infozamoraec.com\/index.php\/wp-json\/wp\/v2\/posts\/19880\/revisions\/19882"}],"wp:featuredmedia":[{"embeddable":true,"href":"https:\/\/infozamoraec.com\/index.php\/wp-json\/wp\/v2\/media\/19881"}],"wp:attachment":[{"href":"https:\/\/infozamoraec.com\/index.php\/wp-json\/wp\/v2\/media?parent=19880"}],"wp:term":[{"taxonomy":"category","embeddable":true,"href":"https:\/\/infozamoraec.com\/index.php\/wp-json\/wp\/v2\/categories?post=19880"},{"taxonomy":"post_tag","embeddable":true,"href":"https:\/\/infozamoraec.com\/index.php\/wp-json\/wp\/v2\/tags?post=19880"}],"curies":[{"name":"wp","href":"https:\/\/api.w.org\/{rel}","templated":true}]}}