{"id":19874,"date":"2026-03-04T01:31:22","date_gmt":"2026-03-04T01:31:22","guid":{"rendered":"https:\/\/infozamoraec.com\/?p=19874"},"modified":"2026-03-04T01:31:22","modified_gmt":"2026-03-04T01:31:22","slug":"jose-de-la-gasca-y-daniella-camacho-se-inscribieron-para-fiscal","status":"publish","type":"post","link":"https:\/\/infozamoraec.com\/index.php\/2026\/03\/04\/jose-de-la-gasca-y-daniella-camacho-se-inscribieron-para-fiscal\/","title":{"rendered":"Jos\u00e9 de la Gasca y Daniella Camacho se inscribieron para Fiscal"},"content":{"rendered":"<p>Para las 16:00 de este martes 3 de marzo, m\u00e1s de 30 aspirantes se inscribieron ante el Consejo de Participaci\u00f3n Ciudadana y Control Social (CPCCS) para el concurso de m\u00e9ritos y oposici\u00f3n para designar a la primera autoridad de la Fiscal\u00eda General del Estado.<\/p>\n<p>Uno de ellos es el exministro de Gobierno de Daniel Noboa, Jos\u00e9 de la Gasca quien confirm\u00f3 su inscripci\u00f3n para participar en este concurso que lleva adelante la Comisi\u00f3n Ciudadana de Selecci\u00f3n, encargada de revisar primero el cumplimiento de requisitos y posteriormente las pruebas orales y escritas.<\/p>\n<p>Otra nueva postulante que sum\u00f3 el concurso fue la jueza nacional Daniela Camacho quien se\u00f1al\u00f3 que el pa\u00eds necesita gente valiente, gente que est\u00e9 dispuesta a enfrentar la crisis institucional en que se encuentra la administraci\u00f3n de justicia, que la gente se sienta confiada cuando llega a los juzgados, cuando llega a la Fiscal\u00eda.<\/p>\n<p>Dijo que se debe generar confianza, eliminar corrupci\u00f3n y para eso se necesita tomar la valent\u00eda y todo esto es por el pa\u00eds, el pa\u00eds de nuestros seres queridos\u00bb. Manifest\u00f3 que cree que puede dar mucho todav\u00eda.<\/p>\n<p>Camacho se\u00f1al\u00f3 que conf\u00eda en el proceso y por eso se est\u00e1 sometiendo al concurso, pues cree que las cosas pueden hacerse bien. La juz fue la encargada de sentencias en casos emblem\u00e1ticos como Sobornos, Odebrecht y Balda, los cuales involucran a cabezas del movimiento Alainza Pa\u00eds (hoy Revolcui\u00f3n Ciudadana) entre los cuales figura el expresidente Rafael Correa y el exvicepresidente Jorge Glas por temas de corrupci\u00f3n.<\/p>\n<p>A lo largo del d\u00eda abogados, jueces y exjueces se presentaron ante el Consejo de Participaci\u00f3n Ciudadana para entregar la documentaci\u00f3n requerida.<\/p>\n<p>Los aspirantes pueden inscribir su candidatura hasta las 23:59 de este martes 3 de marzo. Posterior al cierre de inscripciones, la Comisi\u00f3n Ciudadana de Selecci\u00f3n empezar\u00e1 con la fase de admisibilidad, que consiste en la validaci\u00f3n de los documentos presentados por los postulantes para constatar que cumplan con los requisitos de ley y que no est\u00e9n incursos en inhabilidades para ocupar un cargo p\u00fablico.<\/p>\n<p>Hasta las 16:00, el CPCCS confirm\u00f3 la participaci\u00f3n de 37 postulantes, de los cuales 27 son hombres y 10 mujeres. La provincia donde m\u00e1s se inscribieron fue Pichincha con 23 candidatos. De la lista 30 se identifican como mestizos, 5 montuvios y 2 afroecuatorianos.<\/p>\n<p>La lista actualizada es la siguiente:<\/p>\n<p>Luis Manuel Flores Idrovo, Azuay<\/p>\n<p>Christian Kerli Ayala Piedra, El Oro<\/p>\n<p>Gabriel Santiago Pereira G\u00f3mez, El Oro<\/p>\n<p>Silvia Karina Guanopatin Mendoza, Guayas<\/p>\n<p>Arturo Enrique Riofrio Ruiz, Los R\u00edos<\/p>\n<p>Edgar Pa\u00fal Zu\u00f1iga Hurtado, Los R\u00edos<\/p>\n<p>Mauricio Javier Aguirre Lopez, Pichincha<\/p>\n<p>Jos\u00e9 Luis Chavez Ponce, Pichincha<\/p>\n<p>V\u00edctor Hugo Coffre Mor\u00e1n, Pichincha<\/p>\n<p>Andr\u00e9s Jorge Cuasapaz Arcos, Pichincha<\/p>\n<p>David Wilfrido Fiallo Bermudez, Pichincha<\/p>\n<p>Bol\u00edvar Augusto Espinoza Astudillo, Pichincha<\/p>\n<p>Luis Antonio Galarza Bustos, Pichincha<\/p>\n<p>Walter Samno Macias Fern\u00e1ndez, Pichincha<\/p>\n<p>In\u00e9s Maritza Romero Estevez, Pichincha<\/p>\n<p>Diego Jos\u00e9 Romero Oseguera, Pichincha<\/p>\n<p>Estuardo Salvador Salvador, Pichincha<\/p>\n<p>Rafael Lenin S\u00e1nchez Espinosa, Pichincha<\/p>\n<p>Gladys Edilma Ter\u00e1n Sierra, Pichincha<\/p>\n<p>Karol Gissela Zambrano Macias, Pichincha<\/p>\n<p>Salom\u00f3n Alejandro Montec\u00e9 Giler, Santo Domingo.<\/p>\n<p>Daniella Lisette Camacho Herold, Pichincha.<\/p>\n<p>Jos\u00e9 Javier de la Gasca L\u00f3pez-Dom\u00ednguez, Guayas. (I)<\/p>\n","protected":false},"excerpt":{"rendered":"<p>Para las 16:00 de este martes 3 de marzo, m\u00e1s de 30 aspirantes se inscribieron ante el Consejo de Participaci\u00f3n Ciudadana y Control Social (CPCCS) para el concurso de m\u00e9ritos y oposici\u00f3n para designar a la primera autoridad de la Fiscal\u00eda General del Estado. Uno de ellos es el exministro de Gobierno de Daniel Noboa, [&hellip;]<\/p>\n","protected":false},"author":1,"featured_media":19875,"comment_status":"open","ping_status":"open","sticky":false,"template":"","format":"standard","meta":{"footnotes":""},"categories":[12],"tags":[],"_links":{"self":[{"href":"https:\/\/infozamoraec.com\/index.php\/wp-json\/wp\/v2\/posts\/19874"}],"collection":[{"href":"https:\/\/infozamoraec.com\/index.php\/wp-json\/wp\/v2\/posts"}],"about":[{"href":"https:\/\/infozamoraec.com\/index.php\/wp-json\/wp\/v2\/types\/post"}],"author":[{"embeddable":true,"href":"https:\/\/infozamoraec.com\/index.php\/wp-json\/wp\/v2\/users\/1"}],"replies":[{"embeddable":true,"href":"https:\/\/infozamoraec.com\/index.php\/wp-json\/wp\/v2\/comments?post=19874"}],"version-history":[{"count":1,"href":"https:\/\/infozamoraec.com\/index.php\/wp-json\/wp\/v2\/posts\/19874\/revisions"}],"predecessor-version":[{"id":19876,"href":"https:\/\/infozamoraec.com\/index.php\/wp-json\/wp\/v2\/posts\/19874\/revisions\/19876"}],"wp:featuredmedia":[{"embeddable":true,"href":"https:\/\/infozamoraec.com\/index.php\/wp-json\/wp\/v2\/media\/19875"}],"wp:attachment":[{"href":"https:\/\/infozamoraec.com\/index.php\/wp-json\/wp\/v2\/media?parent=19874"}],"wp:term":[{"taxonomy":"category","embeddable":true,"href":"https:\/\/infozamoraec.com\/index.php\/wp-json\/wp\/v2\/categories?post=19874"},{"taxonomy":"post_tag","embeddable":true,"href":"https:\/\/infozamoraec.com\/index.php\/wp-json\/wp\/v2\/tags?post=19874"}],"curies":[{"name":"wp","href":"https:\/\/api.w.org\/{rel}","templated":true}]}}