{"id":19871,"date":"2026-03-04T01:29:47","date_gmt":"2026-03-04T01:29:47","guid":{"rendered":"https:\/\/infozamoraec.com\/?p=19871"},"modified":"2026-03-04T01:29:47","modified_gmt":"2026-03-04T01:29:47","slug":"operativo-policial-permitio-incautar-usd-1-millon-a-la-mafia-albanesa","status":"publish","type":"post","link":"https:\/\/infozamoraec.com\/index.php\/2026\/03\/04\/operativo-policial-permitio-incautar-usd-1-millon-a-la-mafia-albanesa\/","title":{"rendered":"Operativo policial permiti\u00f3 incautar USD 1 mill\u00f3n a la Mafia Albanesa"},"content":{"rendered":"<p>Tras el anuncio de que Estados Unidos apoyar\u00e1 a Ecuador en la lucha contra el crimen organizado. El Ministro del Interior, John Reimberg precis\u00f3 que en la madrugfada de este tres de marzo se realizaron varios allanamientos en la Costa de Ecuador.<\/p>\n<p>Reimberg, quien lider\u00f3 el operativo en Guayaquil junto al comandante general de la Policia, indicc\u00f3 que un total de un mill\u00f3n de d\u00f3lares pertenece a una importante banda del crimen organizado.<\/p>\n<p>La Polic\u00eda Nacional confirm\u00f3 que la estructura golpeada es la mafia albanesa, vinculada a un caso de env\u00edo de drogas desde los puertos del pa\u00eds.<\/p>\n<p>De momento, se conoce que hay al menos 16 detenidos, entre ciudadanos ecuatorianos, holandeses y albaneses. Se trata de hombres y mujeres que fung\u00edan como financistas de la estructura delictiva, y colaboraban en el acopio y traslado de la droga. Adem\u00e1s se conoci\u00f3 que entre los detenidos est\u00e1 el exasable\u00edsta del Partido Social Cristiano Salom\u00f3n Fadul.<\/p>\n<p>EE.UU. afianza refuerzos en Ecuador<br \/>\nEl presidente de Ecuador, Daniel Noboa, se reuni\u00f3 este lunes con el comandante del Comando Sur de Estados Unidos, general Francis L. Donovan, para realizar coordinaciones orientadas a enfrentar al crimen organizado transnacional y al \u00abnarcoterrorismo\u00bb, y \u00abreforzar la seguridad hemisf\u00e9rica\u00bb, seg\u00fan inform\u00f3 la Presidencia.<\/p>\n<p>\u00abDestacan iniciativas conjuntas para reforzar controles, el intercambio de informaci\u00f3n y coordinaci\u00f3n operativa, tanto en aeropuertos como en terminales portuarias, a fin de identificar riesgos y prevenir actividades delictivas\u00bb, agreg\u00f3 el Ejecutivo en un comunicado.<\/p>\n<p>En la cita, que se realiz\u00f3 en el palacio de Gobierno, en Quito, tambi\u00e9n estuvo presente el comandante del Comando de Operaciones Especiales Sur de EE.UU., contralmirante Mark A. Schafer; el ministro Defensa de Ecuador, Gian Carlo Loffredo; y el jefe del Comando Conjunto de las Fuerzas Armadas ecuatorianas, general Henry Delgado.<\/p>\n<p>De acuerdo a la Presidencia, la cita se enmarca \u00aben el di\u00e1logo bilateral para profundizar la cooperaci\u00f3n y la coordinaci\u00f3n frente a amenazas transnacionales que afectan la estabilidad nacional y regional\u00bb. (I)<\/p>\n<p>&nbsp;<\/p>\n","protected":false},"excerpt":{"rendered":"<p>Tras el anuncio de que Estados Unidos apoyar\u00e1 a Ecuador en la lucha contra el crimen organizado. El Ministro del Interior, John Reimberg precis\u00f3 que en la madrugfada de este tres de marzo se realizaron varios allanamientos en la Costa de Ecuador. Reimberg, quien lider\u00f3 el operativo en Guayaquil junto al comandante general de la [&hellip;]<\/p>\n","protected":false},"author":1,"featured_media":19872,"comment_status":"open","ping_status":"open","sticky":false,"template":"","format":"standard","meta":{"footnotes":""},"categories":[12],"tags":[],"_links":{"self":[{"href":"https:\/\/infozamoraec.com\/index.php\/wp-json\/wp\/v2\/posts\/19871"}],"collection":[{"href":"https:\/\/infozamoraec.com\/index.php\/wp-json\/wp\/v2\/posts"}],"about":[{"href":"https:\/\/infozamoraec.com\/index.php\/wp-json\/wp\/v2\/types\/post"}],"author":[{"embeddable":true,"href":"https:\/\/infozamoraec.com\/index.php\/wp-json\/wp\/v2\/users\/1"}],"replies":[{"embeddable":true,"href":"https:\/\/infozamoraec.com\/index.php\/wp-json\/wp\/v2\/comments?post=19871"}],"version-history":[{"count":1,"href":"https:\/\/infozamoraec.com\/index.php\/wp-json\/wp\/v2\/posts\/19871\/revisions"}],"predecessor-version":[{"id":19873,"href":"https:\/\/infozamoraec.com\/index.php\/wp-json\/wp\/v2\/posts\/19871\/revisions\/19873"}],"wp:featuredmedia":[{"embeddable":true,"href":"https:\/\/infozamoraec.com\/index.php\/wp-json\/wp\/v2\/media\/19872"}],"wp:attachment":[{"href":"https:\/\/infozamoraec.com\/index.php\/wp-json\/wp\/v2\/media?parent=19871"}],"wp:term":[{"taxonomy":"category","embeddable":true,"href":"https:\/\/infozamoraec.com\/index.php\/wp-json\/wp\/v2\/categories?post=19871"},{"taxonomy":"post_tag","embeddable":true,"href":"https:\/\/infozamoraec.com\/index.php\/wp-json\/wp\/v2\/tags?post=19871"}],"curies":[{"name":"wp","href":"https:\/\/api.w.org\/{rel}","templated":true}]}}