{"id":19868,"date":"2026-03-04T01:28:16","date_gmt":"2026-03-04T01:28:16","guid":{"rendered":"https:\/\/infozamoraec.com\/?p=19868"},"modified":"2026-03-05T01:51:38","modified_gmt":"2026-03-05T01:51:38","slug":"emmov-zamora-chinchipe-espera-reactivacion-del-sistema-axis-4-0-para-retomar-servicios-al-100","status":"publish","type":"post","link":"https:\/\/infozamoraec.com\/index.php\/2026\/03\/04\/emmov-zamora-chinchipe-espera-reactivacion-del-sistema-axis-4-0-para-retomar-servicios-al-100\/","title":{"rendered":"EMMOV Zamora Chinchipe espera reactivaci\u00f3n del sistema AXIS 4.0 para retomar servicios al 100 %"},"content":{"rendered":"<p data-start=\"99\" data-end=\"461\">Ante el anuncio de la <span class=\"hover:entity-accent entity-underline inline cursor-pointer align-baseline\"><span class=\"whitespace-normal\">Agencia Nacional de Tr\u00e1nsito<\/span><\/span> (ANT) sobre la activaci\u00f3n controlada del sistema AXIS 4.0 a partir del 9 de marzo, la Empresa Mancomunada de Movilidad de Zamora Chinchipe (EMMOV) se mantiene a la expectativa para retomar la totalidad de sus servicios, entre ellos la matriculaci\u00f3n y revisi\u00f3n vehicular.<\/p>\n<p data-start=\"463\" data-end=\"896\">La ANT inform\u00f3 que la habilitaci\u00f3n del sistema permitir\u00e1 restablecer aproximadamente el 80 % de los tr\u00e1mites que permanecen suspendidos como parte del proceso t\u00e9cnico de normalizaci\u00f3n de sus plataformas inform\u00e1ticas. En este contexto, el gerente de la EMMOV, Julio Jaramillo Garc\u00eda, se\u00f1al\u00f3 que la instituci\u00f3n provincial espera que se cumpla el cronograma anunciado para reactivar el cien por ciento de las atenciones a la ciudadan\u00eda.<\/p>\n<p data-start=\"898\" data-end=\"1344\">El funcionario indic\u00f3 que durante los cerca de 30 d\u00edas de cierre dispuestos por el Gobierno tras la intervenci\u00f3n de la ANT, la empresa ha registrado p\u00e9rdidas aproximadas de 100 mil d\u00f3lares. Seg\u00fan explic\u00f3, esta situaci\u00f3n afecta la planificaci\u00f3n institucional, especialmente en proyectos relacionados con se\u00f1al\u00e9tica, semaforizaci\u00f3n y otras obras orientadas a fortalecer la seguridad vial, adem\u00e1s de impactar en la operaci\u00f3n normal de los servicios.<\/p>\n<p data-start=\"1346\" data-end=\"1769\">Jaramillo asegur\u00f3 que la EMMOV cuenta con el personal t\u00e9cnico y la maquinaria necesaria para atender la demanda represada de matr\u00edculas y revisiones vehiculares una vez que el sistema sea habilitado. No obstante, precis\u00f3 que a\u00fan no se ha definido la reprogramaci\u00f3n de la calendarizaci\u00f3n de matriculaci\u00f3n conforme al \u00faltimo d\u00edgito de la placa, informaci\u00f3n que ser\u00e1 comunicada oportunamente a trav\u00e9s de los canales oficiales.<\/p>\n<p data-start=\"1771\" data-end=\"2030\" data-is-last-node=\"\" data-is-only-node=\"\">Finalmente, el gerente invit\u00f3 a los usuarios a confiar en los servicios que ofrece la empresa mancomunada, reiterando el compromiso institucional de brindar una atenci\u00f3n eficiente y transparente una vez se normalice la plataforma tecnol\u00f3gica a nivel nacional.<\/p>\n","protected":false},"excerpt":{"rendered":"<p>Ante el anuncio de la Agencia Nacional de Tr\u00e1nsito (ANT) sobre la activaci\u00f3n controlada del sistema AXIS 4.0 a partir del 9 de marzo, la Empresa Mancomunada de Movilidad de Zamora Chinchipe (EMMOV) se mantiene a la expectativa para retomar la totalidad de sus servicios, entre ellos la matriculaci\u00f3n y revisi\u00f3n vehicular. La ANT inform\u00f3 [&hellip;]<\/p>\n","protected":false},"author":1,"featured_media":19869,"comment_status":"open","ping_status":"open","sticky":false,"template":"","format":"standard","meta":{"footnotes":""},"categories":[9],"tags":[],"_links":{"self":[{"href":"https:\/\/infozamoraec.com\/index.php\/wp-json\/wp\/v2\/posts\/19868"}],"collection":[{"href":"https:\/\/infozamoraec.com\/index.php\/wp-json\/wp\/v2\/posts"}],"about":[{"href":"https:\/\/infozamoraec.com\/index.php\/wp-json\/wp\/v2\/types\/post"}],"author":[{"embeddable":true,"href":"https:\/\/infozamoraec.com\/index.php\/wp-json\/wp\/v2\/users\/1"}],"replies":[{"embeddable":true,"href":"https:\/\/infozamoraec.com\/index.php\/wp-json\/wp\/v2\/comments?post=19868"}],"version-history":[{"count":2,"href":"https:\/\/infozamoraec.com\/index.php\/wp-json\/wp\/v2\/posts\/19868\/revisions"}],"predecessor-version":[{"id":19926,"href":"https:\/\/infozamoraec.com\/index.php\/wp-json\/wp\/v2\/posts\/19868\/revisions\/19926"}],"wp:featuredmedia":[{"embeddable":true,"href":"https:\/\/infozamoraec.com\/index.php\/wp-json\/wp\/v2\/media\/19869"}],"wp:attachment":[{"href":"https:\/\/infozamoraec.com\/index.php\/wp-json\/wp\/v2\/media?parent=19868"}],"wp:term":[{"taxonomy":"category","embeddable":true,"href":"https:\/\/infozamoraec.com\/index.php\/wp-json\/wp\/v2\/categories?post=19868"},{"taxonomy":"post_tag","embeddable":true,"href":"https:\/\/infozamoraec.com\/index.php\/wp-json\/wp\/v2\/tags?post=19868"}],"curies":[{"name":"wp","href":"https:\/\/api.w.org\/{rel}","templated":true}]}}