{"id":19865,"date":"2026-03-04T01:14:46","date_gmt":"2026-03-04T01:14:46","guid":{"rendered":"https:\/\/infozamoraec.com\/?p=19865"},"modified":"2026-03-04T01:14:46","modified_gmt":"2026-03-04T01:14:46","slug":"policia-nacional-conmemorara-88-anos-de-profesionalizacion-y-180-de-institucionalizacion-en-zamora-chinchipe","status":"publish","type":"post","link":"https:\/\/infozamoraec.com\/index.php\/2026\/03\/04\/policia-nacional-conmemorara-88-anos-de-profesionalizacion-y-180-de-institucionalizacion-en-zamora-chinchipe\/","title":{"rendered":"Polic\u00eda Nacional conmemorar\u00e1 88 a\u00f1os de profesionalizaci\u00f3n y 180 de institucionalizaci\u00f3n en Zamora Chinchipe"},"content":{"rendered":"<p data-start=\"112\" data-end=\"383\">La <span class=\"hover:entity-accent entity-underline inline cursor-pointer align-baseline\"><span class=\"whitespace-normal\">Polic\u00eda Nacional del Ecuador<\/span><\/span>, a trav\u00e9s de la Subzona Zamora Chinchipe N.\u00b0 19, anunci\u00f3 la realizaci\u00f3n de actos solemnes con motivo de la conmemoraci\u00f3n del Octog\u00e9simo Octavo Aniversario de Profesionalizaci\u00f3n y los 180 a\u00f1os de Institucionalizaci\u00f3n de la entidad.<\/p>\n<p data-start=\"385\" data-end=\"702\">La instituci\u00f3n extendi\u00f3 la invitaci\u00f3n a los habitantes de la provincia de <span class=\"hover:entity-accent entity-underline inline cursor-pointer align-baseline\"><span class=\"whitespace-normal\">Zamora Chinchipe<\/span><\/span> para que participen en esta fecha significativa, que reafirma el compromiso hist\u00f3rico de la Polic\u00eda con la patria, la seguridad ciudadana y el servicio permanente a la comunidad.<\/p>\n<p data-start=\"704\" data-end=\"935\">Las actividades se desarrollar\u00e1n el viernes 6 de marzo de 2026. La jornada iniciar\u00e1 a las 08h00 con un Te Deum en la <span class=\"hover:entity-accent entity-underline inline cursor-pointer align-baseline\"><span class=\"whitespace-normal\">Iglesia Central Nuestra Se\u00f1ora del Carmen<\/span><\/span>, espacio de car\u00e1cter religioso destinado a la reflexi\u00f3n y acci\u00f3n de gracias.<\/p>\n<p data-start=\"937\" data-end=\"1196\">Posteriormente, a las 10h00, se llevar\u00e1 a cabo la Sesi\u00f3n Solemne Conmemorativa en el auditorio de la <span class=\"hover:entity-accent entity-underline inline cursor-pointer align-baseline\"><span class=\"whitespace-normal\">Gobernaci\u00f3n de Zamora Chinchipe<\/span><\/span>, donde se resaltar\u00e1 la trayectoria institucional y el trabajo que desarrollan los servidores policiales en la provincia.<\/p>\n<p data-start=\"1198\" data-end=\"1420\">De acuerdo con la Subzona Zamora Chinchipe N.\u00b0 19, estos actos representan un espacio de fe, gratitud y renovaci\u00f3n del compromiso institucional, fortaleciendo adem\u00e1s los lazos de transparencia y cercan\u00eda con la ciudadan\u00eda.<\/p>\n<p data-start=\"1422\" data-end=\"1658\" data-is-last-node=\"\" data-is-only-node=\"\">La instituci\u00f3n destac\u00f3 la importancia del acompa\u00f1amiento de los medios de comunicaci\u00f3n para proyectar el trabajo t\u00e9cnico y profesional que realiza el personal policial en beneficio de la seguridad y el orden p\u00fablico en Zamora Chinchipe.<\/p>\n","protected":false},"excerpt":{"rendered":"<p>La Polic\u00eda Nacional del Ecuador, a trav\u00e9s de la Subzona Zamora Chinchipe N.\u00b0 19, anunci\u00f3 la realizaci\u00f3n de actos solemnes con motivo de la conmemoraci\u00f3n del Octog\u00e9simo Octavo Aniversario de Profesionalizaci\u00f3n y los 180 a\u00f1os de Institucionalizaci\u00f3n de la entidad. La instituci\u00f3n extendi\u00f3 la invitaci\u00f3n a los habitantes de la provincia de Zamora Chinchipe para [&hellip;]<\/p>\n","protected":false},"author":1,"featured_media":19866,"comment_status":"open","ping_status":"open","sticky":false,"template":"","format":"standard","meta":{"footnotes":""},"categories":[9],"tags":[],"_links":{"self":[{"href":"https:\/\/infozamoraec.com\/index.php\/wp-json\/wp\/v2\/posts\/19865"}],"collection":[{"href":"https:\/\/infozamoraec.com\/index.php\/wp-json\/wp\/v2\/posts"}],"about":[{"href":"https:\/\/infozamoraec.com\/index.php\/wp-json\/wp\/v2\/types\/post"}],"author":[{"embeddable":true,"href":"https:\/\/infozamoraec.com\/index.php\/wp-json\/wp\/v2\/users\/1"}],"replies":[{"embeddable":true,"href":"https:\/\/infozamoraec.com\/index.php\/wp-json\/wp\/v2\/comments?post=19865"}],"version-history":[{"count":1,"href":"https:\/\/infozamoraec.com\/index.php\/wp-json\/wp\/v2\/posts\/19865\/revisions"}],"predecessor-version":[{"id":19867,"href":"https:\/\/infozamoraec.com\/index.php\/wp-json\/wp\/v2\/posts\/19865\/revisions\/19867"}],"wp:featuredmedia":[{"embeddable":true,"href":"https:\/\/infozamoraec.com\/index.php\/wp-json\/wp\/v2\/media\/19866"}],"wp:attachment":[{"href":"https:\/\/infozamoraec.com\/index.php\/wp-json\/wp\/v2\/media?parent=19865"}],"wp:term":[{"taxonomy":"category","embeddable":true,"href":"https:\/\/infozamoraec.com\/index.php\/wp-json\/wp\/v2\/categories?post=19865"},{"taxonomy":"post_tag","embeddable":true,"href":"https:\/\/infozamoraec.com\/index.php\/wp-json\/wp\/v2\/tags?post=19865"}],"curies":[{"name":"wp","href":"https:\/\/api.w.org\/{rel}","templated":true}]}}