{"id":19858,"date":"2026-03-04T01:07:38","date_gmt":"2026-03-04T01:07:38","guid":{"rendered":"https:\/\/infozamoraec.com\/?p=19858"},"modified":"2026-03-04T01:07:38","modified_gmt":"2026-03-04T01:07:38","slug":"nueva-obra-fortalecera-la-educacion-en-chinchipe","status":"publish","type":"post","link":"https:\/\/infozamoraec.com\/index.php\/2026\/03\/04\/nueva-obra-fortalecera-la-educacion-en-chinchipe\/","title":{"rendered":"Nueva obra fortalecer\u00e1 la educaci\u00f3n en Chinchipe"},"content":{"rendered":"<p data-start=\"65\" data-end=\"300\">El <span class=\"hover:entity-accent entity-underline inline cursor-pointer align-baseline\"><span class=\"whitespace-normal\">Gobierno Aut\u00f3nomo Descentralizado Municipal de Chinchipe<\/span><\/span> anunci\u00f3 el inicio de una nueva obra destinada a fortalecer la infraestructura educativa del cant\u00f3n. Se trata de la construcci\u00f3n de un bloque de aulas en la <span class=\"hover:entity-accent entity-underline inline cursor-pointer align-baseline\"><span class=\"whitespace-normal\">Unidad Educativa Manuela S\u00e1enz<\/span><\/span>.<\/p>\n<p data-start=\"302\" data-end=\"528\">El acto de inicio est\u00e1 previsto para este viernes 6 de marzo de 2026, a las 11h00, marcando el arranque formal de un proyecto que busca mejorar las condiciones de ense\u00f1anza y aprendizaje para los estudiantes de la instituci\u00f3n.<\/p>\n<p data-start=\"530\" data-end=\"766\">La obra ser\u00e1 ejecutada gracias a la firma de un convenio interinstitucional con el <span class=\"hover:entity-accent entity-underline inline cursor-pointer align-baseline\"><span class=\"whitespace-normal\">Gobierno Provincial de Zamora Chinchipe<\/span><\/span>, bajo una contribuci\u00f3n equitativa del 50 % entre ambas entidades. La inversi\u00f3n total asciende a 119.538,48 d\u00f3lares.<\/p>\n<p data-start=\"768\" data-end=\"982\">Seg\u00fan lo informado por la administraci\u00f3n municipal, el nuevo bloque de aulas permitir\u00e1 ampliar y optimizar los espacios f\u00edsicos del plantel, garantizando mayor comodidad y funcionalidad para la comunidad educativa.<\/p>\n<p data-start=\"984\" data-end=\"1231\">Desde el GAD Municipal se destac\u00f3 que este tipo de intervenciones forman parte de la planificaci\u00f3n orientada a impulsar el desarrollo local mediante el fortalecimiento del sector educativo, considerado un eje fundamental para el futuro del cant\u00f3n.<\/p>\n","protected":false},"excerpt":{"rendered":"<p>El Gobierno Aut\u00f3nomo Descentralizado Municipal de Chinchipe anunci\u00f3 el inicio de una nueva obra destinada a fortalecer la infraestructura educativa del cant\u00f3n. Se trata de la construcci\u00f3n de un bloque de aulas en la Unidad Educativa Manuela S\u00e1enz. El acto de inicio est\u00e1 previsto para este viernes 6 de marzo de 2026, a las 11h00, [&hellip;]<\/p>\n","protected":false},"author":1,"featured_media":19859,"comment_status":"open","ping_status":"open","sticky":false,"template":"","format":"standard","meta":{"footnotes":""},"categories":[9],"tags":[],"_links":{"self":[{"href":"https:\/\/infozamoraec.com\/index.php\/wp-json\/wp\/v2\/posts\/19858"}],"collection":[{"href":"https:\/\/infozamoraec.com\/index.php\/wp-json\/wp\/v2\/posts"}],"about":[{"href":"https:\/\/infozamoraec.com\/index.php\/wp-json\/wp\/v2\/types\/post"}],"author":[{"embeddable":true,"href":"https:\/\/infozamoraec.com\/index.php\/wp-json\/wp\/v2\/users\/1"}],"replies":[{"embeddable":true,"href":"https:\/\/infozamoraec.com\/index.php\/wp-json\/wp\/v2\/comments?post=19858"}],"version-history":[{"count":1,"href":"https:\/\/infozamoraec.com\/index.php\/wp-json\/wp\/v2\/posts\/19858\/revisions"}],"predecessor-version":[{"id":19860,"href":"https:\/\/infozamoraec.com\/index.php\/wp-json\/wp\/v2\/posts\/19858\/revisions\/19860"}],"wp:featuredmedia":[{"embeddable":true,"href":"https:\/\/infozamoraec.com\/index.php\/wp-json\/wp\/v2\/media\/19859"}],"wp:attachment":[{"href":"https:\/\/infozamoraec.com\/index.php\/wp-json\/wp\/v2\/media?parent=19858"}],"wp:term":[{"taxonomy":"category","embeddable":true,"href":"https:\/\/infozamoraec.com\/index.php\/wp-json\/wp\/v2\/categories?post=19858"},{"taxonomy":"post_tag","embeddable":true,"href":"https:\/\/infozamoraec.com\/index.php\/wp-json\/wp\/v2\/tags?post=19858"}],"curies":[{"name":"wp","href":"https:\/\/api.w.org\/{rel}","templated":true}]}}