{"id":19789,"date":"2026-02-27T23:39:17","date_gmt":"2026-02-27T23:39:17","guid":{"rendered":"https:\/\/infozamoraec.com\/?p=19789"},"modified":"2026-02-27T23:39:17","modified_gmt":"2026-02-27T23:39:17","slug":"palanda-impulsa-alianza-estrategica-para-posicionarse-como-destino-turistico-internacional","status":"publish","type":"post","link":"https:\/\/infozamoraec.com\/index.php\/2026\/02\/27\/palanda-impulsa-alianza-estrategica-para-posicionarse-como-destino-turistico-internacional\/","title":{"rendered":"Palanda impulsa alianza estrat\u00e9gica para posicionarse como destino tur\u00edstico internacional"},"content":{"rendered":"<div class=\"flex flex-col text-sm pb-25\">\n<article class=\"text-token-text-primary w-full focus:outline-none [--shadow-height:45px] has-data-writing-block:pointer-events-none has-data-writing-block:-mt-(--shadow-height) has-data-writing-block:pt-(--shadow-height) [&amp;:has([data-writing-block])&gt;*]:pointer-events-auto scroll-mt-[calc(var(--header-height)+min(200px,max(70px,20svh)))]\" dir=\"auto\" tabindex=\"-1\" data-turn-id=\"request-699fcd62-e500-8332-b4dd-ebadfbc191f4-6\" data-testid=\"conversation-turn-34\" data-scroll-anchor=\"true\" data-turn=\"assistant\">\n<div class=\"text-base my-auto mx-auto pb-10 [--thread-content-margin:--spacing(4)] @w-sm\/main:[--thread-content-margin:--spacing(6)] @w-lg\/main:[--thread-content-margin:--spacing(16)] px-(--thread-content-margin)\">\n<div class=\"[--thread-content-max-width:40rem] @w-lg\/main:[--thread-content-max-width:48rem] mx-auto max-w-(--thread-content-max-width) flex-1 group\/turn-messages focus-visible:outline-hidden relative flex w-full min-w-0 flex-col agent-turn\" tabindex=\"-1\">\n<div class=\"flex max-w-full flex-col grow\">\n<div class=\"min-h-8 text-message relative flex w-full flex-col items-end gap-2 text-start break-words whitespace-normal [.text-message+&amp;]:mt-1\" dir=\"auto\" data-message-author-role=\"assistant\" data-message-id=\"7fb6ee39-b55c-4bae-9e2e-8e2b1e7ea951\" data-message-model-slug=\"gpt-5-2\">\n<div class=\"flex w-full flex-col gap-1 empty:hidden first:pt-[1px]\">\n<div class=\"markdown prose dark:prose-invert w-full wrap-break-word light markdown-new-styling\">\n<p data-start=\"94\" data-end=\"369\">El <span class=\"hover:entity-accent entity-underline inline cursor-pointer align-baseline\"><span class=\"whitespace-normal\">Gobierno Aut\u00f3nomo Descentralizado del cant\u00f3n de Palanda<\/span><\/span> anunci\u00f3 la conformaci\u00f3n de una alianza estrat\u00e9gica con el Hotel Quo Vadis y la agencia operadora <span class=\"hover:entity-accent entity-underline inline cursor-pointer align-baseline\"><span class=\"whitespace-normal\">Bil Dev Tours<\/span><\/span>, con el objetivo de fortalecer la proyecci\u00f3n tur\u00edstica del cant\u00f3n a nivel nacional e internacional.<\/p>\n<p data-start=\"371\" data-end=\"746\">La articulaci\u00f3n institucional busca posicionar a <span class=\"hover:entity-accent entity-underline inline cursor-pointer align-baseline\"><span class=\"whitespace-normal\">Palanda<\/span><\/span> como un destino de relevancia mundial, resaltando su reconocimiento como uno de los territorios vinculados al origen del cacao. La propuesta apunta a promover experiencias vivenciales, culturales, arqueol\u00f3gicas y productivas que conecten al visitante con la historia y la tradici\u00f3n local.<\/p>\n<p data-start=\"748\" data-end=\"1064\">Como parte del proceso, se han desarrollado recorridos t\u00e9cnicos para evaluar el potencial tur\u00edstico del cant\u00f3n, as\u00ed como la estructuraci\u00f3n de paquetes integrales que incluyen hospedaje, guianza y operaci\u00f3n especializada. La meta es consolidar una oferta competitiva orientada principalmente al mercado internacional.<\/p>\n<p data-start=\"1066\" data-end=\"1275\">Seg\u00fan se inform\u00f3, esta iniciativa permitir\u00e1 atraer visitantes extranjeros, dinamizar la econom\u00eda local y generar nuevas oportunidades para productores, artesanos y emprendedores vinculados al sector tur\u00edstico.<\/p>\n<p data-start=\"1277\" data-end=\"1499\" data-is-last-node=\"\" data-is-only-node=\"\">Con esta alianza, el cant\u00f3n Palanda busca fortalecer su identidad territorial y consolidarse como un destino que combina patrimonio hist\u00f3rico, riqueza natural y producci\u00f3n emblem\u00e1tica, en el sur de la Amazon\u00eda ecuatoriana.<\/p>\n<\/div>\n<\/div>\n<\/div>\n<\/div>\n<div class=\"z-0 flex min-h-[46px] justify-start\"><\/div>\n<div class=\"mt-3 w-full empty:hidden\">\n<div class=\"text-center\"><\/div>\n<\/div>\n<\/div>\n<\/div>\n<\/article>\n<\/div>\n<div class=\"pointer-events-none h-px w-px absolute bottom-0\" aria-hidden=\"true\" data-edge=\"true\"><\/div>\n","protected":false},"excerpt":{"rendered":"<p>El Gobierno Aut\u00f3nomo Descentralizado del cant\u00f3n de Palanda anunci\u00f3 la conformaci\u00f3n de una alianza estrat\u00e9gica con el Hotel Quo Vadis y la agencia operadora Bil Dev Tours, con el objetivo de fortalecer la proyecci\u00f3n tur\u00edstica del cant\u00f3n a nivel nacional e internacional. La articulaci\u00f3n institucional busca posicionar a Palanda como un destino de relevancia mundial, [&hellip;]<\/p>\n","protected":false},"author":1,"featured_media":19790,"comment_status":"open","ping_status":"open","sticky":false,"template":"","format":"standard","meta":{"footnotes":""},"categories":[9],"tags":[],"_links":{"self":[{"href":"https:\/\/infozamoraec.com\/index.php\/wp-json\/wp\/v2\/posts\/19789"}],"collection":[{"href":"https:\/\/infozamoraec.com\/index.php\/wp-json\/wp\/v2\/posts"}],"about":[{"href":"https:\/\/infozamoraec.com\/index.php\/wp-json\/wp\/v2\/types\/post"}],"author":[{"embeddable":true,"href":"https:\/\/infozamoraec.com\/index.php\/wp-json\/wp\/v2\/users\/1"}],"replies":[{"embeddable":true,"href":"https:\/\/infozamoraec.com\/index.php\/wp-json\/wp\/v2\/comments?post=19789"}],"version-history":[{"count":1,"href":"https:\/\/infozamoraec.com\/index.php\/wp-json\/wp\/v2\/posts\/19789\/revisions"}],"predecessor-version":[{"id":19791,"href":"https:\/\/infozamoraec.com\/index.php\/wp-json\/wp\/v2\/posts\/19789\/revisions\/19791"}],"wp:featuredmedia":[{"embeddable":true,"href":"https:\/\/infozamoraec.com\/index.php\/wp-json\/wp\/v2\/media\/19790"}],"wp:attachment":[{"href":"https:\/\/infozamoraec.com\/index.php\/wp-json\/wp\/v2\/media?parent=19789"}],"wp:term":[{"taxonomy":"category","embeddable":true,"href":"https:\/\/infozamoraec.com\/index.php\/wp-json\/wp\/v2\/categories?post=19789"},{"taxonomy":"post_tag","embeddable":true,"href":"https:\/\/infozamoraec.com\/index.php\/wp-json\/wp\/v2\/tags?post=19789"}],"curies":[{"name":"wp","href":"https:\/\/api.w.org\/{rel}","templated":true}]}}