{"id":19785,"date":"2026-02-27T23:32:23","date_gmt":"2026-02-27T23:32:23","guid":{"rendered":"https:\/\/infozamoraec.com\/?p=19785"},"modified":"2026-02-27T23:32:23","modified_gmt":"2026-02-27T23:32:23","slug":"gad-nangaritza-socializa-proyecto-de-asfaltado-para-las-principales-calles-de-guayzimi","status":"publish","type":"post","link":"https:\/\/infozamoraec.com\/index.php\/2026\/02\/27\/gad-nangaritza-socializa-proyecto-de-asfaltado-para-las-principales-calles-de-guayzimi\/","title":{"rendered":"GAD Nangaritza socializa proyecto de asfaltado para las principales calles de Guayzimi"},"content":{"rendered":"<p data-start=\"101\" data-end=\"372\">El alcalde de <span class=\"hover:entity-accent entity-underline inline cursor-pointer align-baseline\"><span class=\"whitespace-normal\">Nangaritza<\/span><\/span>, Francisco Cordero, socializ\u00f3 el proyecto de asfaltado que intervendr\u00e1 las principales v\u00edas de la ciudad de <span class=\"hover:entity-accent entity-underline inline cursor-pointer align-baseline\"><span class=\"whitespace-normal\">Guayzimi<\/span><\/span>, cabecera cantonal, con una inversi\u00f3n cercana al medio mill\u00f3n de d\u00f3lares.<\/p>\n<p data-start=\"374\" data-end=\"669\">La obra contempla el asfaltado de la avenida Monse\u00f1or Jorge Mosquera y las calles aleda\u00f1as al Parque Central. Seg\u00fan se inform\u00f3, la estructura vial ser\u00e1 ejecutada por administraci\u00f3n directa del municipio, mientras que la colocaci\u00f3n de la capa asf\u00e1ltica se realizar\u00e1 mediante contrataci\u00f3n externa.<\/p>\n<p data-start=\"671\" data-end=\"1132\">Durante su intervenci\u00f3n, el alcalde se\u00f1al\u00f3 que el proyecto es resultado de una planificaci\u00f3n responsable y de un proceso de gesti\u00f3n sostenido. Indic\u00f3 que, en casi tres a\u00f1os de administraci\u00f3n, se ha logrado gestionar una inversi\u00f3n aproximada de 12 millones de d\u00f3lares para renovar el 100% del sistema de servicios b\u00e1sicos en alcantarillado sanitario, pluvial y agua potable, en m\u00e1s de 15 kil\u00f3metros que comprenden zonas urbanas y rurales de la cabecera cantonal.<\/p>\n<p data-start=\"1134\" data-end=\"1489\">El burgomaestre destac\u00f3 que, tras la culminaci\u00f3n de estas obras de infraestructura b\u00e1sica, se da paso al asfaltado, considerado una necesidad prioritaria para la ciudad. Asimismo, reconoci\u00f3 que los trabajos previos generaron incomodidades temporales, pero asegur\u00f3 que forman parte de un proceso integral orientado al desarrollo y modernizaci\u00f3n del cant\u00f3n.<\/p>\n<p data-start=\"1491\" data-end=\"1811\">Finalmente, inform\u00f3 que el municipio gestiona fondos no reembolsables para un proyecto vial integral que abarcar\u00eda un total de 8 kil\u00f3metros de asfalto, lo que representa m\u00e1s de la mitad de la red vial de Guayzimi. De concretarse, esta iniciativa ampliar\u00eda significativamente la cobertura de v\u00edas asfaltadas en el cant\u00f3n.<\/p>\n<p data-start=\"1813\" data-end=\"1953\" data-is-last-node=\"\" data-is-only-node=\"\">Con este proyecto, la administraci\u00f3n municipal busca fortalecer la infraestructura urbana y avanzar en la transformaci\u00f3n vial de Nangaritza.<\/p>\n","protected":false},"excerpt":{"rendered":"<p>El alcalde de Nangaritza, Francisco Cordero, socializ\u00f3 el proyecto de asfaltado que intervendr\u00e1 las principales v\u00edas de la ciudad de Guayzimi, cabecera cantonal, con una inversi\u00f3n cercana al medio mill\u00f3n de d\u00f3lares. La obra contempla el asfaltado de la avenida Monse\u00f1or Jorge Mosquera y las calles aleda\u00f1as al Parque Central. Seg\u00fan se inform\u00f3, la estructura [&hellip;]<\/p>\n","protected":false},"author":1,"featured_media":19786,"comment_status":"open","ping_status":"open","sticky":false,"template":"","format":"standard","meta":{"footnotes":""},"categories":[9],"tags":[],"_links":{"self":[{"href":"https:\/\/infozamoraec.com\/index.php\/wp-json\/wp\/v2\/posts\/19785"}],"collection":[{"href":"https:\/\/infozamoraec.com\/index.php\/wp-json\/wp\/v2\/posts"}],"about":[{"href":"https:\/\/infozamoraec.com\/index.php\/wp-json\/wp\/v2\/types\/post"}],"author":[{"embeddable":true,"href":"https:\/\/infozamoraec.com\/index.php\/wp-json\/wp\/v2\/users\/1"}],"replies":[{"embeddable":true,"href":"https:\/\/infozamoraec.com\/index.php\/wp-json\/wp\/v2\/comments?post=19785"}],"version-history":[{"count":2,"href":"https:\/\/infozamoraec.com\/index.php\/wp-json\/wp\/v2\/posts\/19785\/revisions"}],"predecessor-version":[{"id":19788,"href":"https:\/\/infozamoraec.com\/index.php\/wp-json\/wp\/v2\/posts\/19785\/revisions\/19788"}],"wp:featuredmedia":[{"embeddable":true,"href":"https:\/\/infozamoraec.com\/index.php\/wp-json\/wp\/v2\/media\/19786"}],"wp:attachment":[{"href":"https:\/\/infozamoraec.com\/index.php\/wp-json\/wp\/v2\/media?parent=19785"}],"wp:term":[{"taxonomy":"category","embeddable":true,"href":"https:\/\/infozamoraec.com\/index.php\/wp-json\/wp\/v2\/categories?post=19785"},{"taxonomy":"post_tag","embeddable":true,"href":"https:\/\/infozamoraec.com\/index.php\/wp-json\/wp\/v2\/tags?post=19785"}],"curies":[{"name":"wp","href":"https:\/\/api.w.org\/{rel}","templated":true}]}}