{"id":19781,"date":"2026-02-27T23:30:18","date_gmt":"2026-02-27T23:30:18","guid":{"rendered":"https:\/\/infozamoraec.com\/?p=19781"},"modified":"2026-02-27T23:30:18","modified_gmt":"2026-02-27T23:30:18","slug":"zamora-chinchipe-fortalece-la-litigacion-oral-y-la-contratacion-publica-con-capacitacion-a-70-operadores-de-justicia","status":"publish","type":"post","link":"https:\/\/infozamoraec.com\/index.php\/2026\/02\/27\/zamora-chinchipe-fortalece-la-litigacion-oral-y-la-contratacion-publica-con-capacitacion-a-70-operadores-de-justicia\/","title":{"rendered":"Zamora Chinchipe fortalece la litigaci\u00f3n oral y la contrataci\u00f3n p\u00fablica con capacitaci\u00f3n a 70 operadores de justicia"},"content":{"rendered":"<div class=\"flex flex-col text-sm pb-25\">\n<article class=\"text-token-text-primary w-full focus:outline-none [--shadow-height:45px] has-data-writing-block:pointer-events-none has-data-writing-block:-mt-(--shadow-height) has-data-writing-block:pt-(--shadow-height) [&amp;:has([data-writing-block])&gt;*]:pointer-events-auto scroll-mt-[calc(var(--header-height)+min(200px,max(70px,20svh)))]\" dir=\"auto\" tabindex=\"-1\" data-turn-id=\"request-699fcd62-e500-8332-b4dd-ebadfbc191f4-4\" data-testid=\"conversation-turn-30\" data-scroll-anchor=\"true\" data-turn=\"assistant\">\n<div class=\"text-base my-auto mx-auto pb-10 [--thread-content-margin:--spacing(4)] @w-sm\/main:[--thread-content-margin:--spacing(6)] @w-lg\/main:[--thread-content-margin:--spacing(16)] px-(--thread-content-margin)\">\n<div class=\"[--thread-content-max-width:40rem] @w-lg\/main:[--thread-content-max-width:48rem] mx-auto max-w-(--thread-content-max-width) flex-1 group\/turn-messages focus-visible:outline-hidden relative flex w-full min-w-0 flex-col agent-turn\" tabindex=\"-1\">\n<div class=\"flex max-w-full flex-col grow\">\n<div class=\"min-h-8 text-message relative flex w-full flex-col items-end gap-2 text-start break-words whitespace-normal [.text-message+&amp;]:mt-1\" dir=\"auto\" data-message-author-role=\"assistant\" data-message-id=\"163dcede-a65a-4b07-8242-14bd42ca62db\" data-message-model-slug=\"gpt-5-2\">\n<div class=\"flex w-full flex-col gap-1 empty:hidden first:pt-[1px]\">\n<div class=\"markdown prose dark:prose-invert w-full wrap-break-word light markdown-new-styling\">\n<p data-start=\"120\" data-end=\"539\">Con el objetivo de fortalecer las competencias t\u00e9cnicas del sistema judicial, 70 profesionales del Derecho y servidores p\u00fablicos participaron en el taller presencial \u201cT\u00e9cnicas y Estrategias de Litigaci\u00f3n Oral\u201d y \u201cContrataci\u00f3n P\u00fablica\u201d, organizado por la <span class=\"hover:entity-accent entity-underline inline cursor-pointer align-baseline\"><span class=\"whitespace-normal\">Escuela de la Funci\u00f3n Judicial<\/span><\/span> en coordinaci\u00f3n con la Direcci\u00f3n Provincial del <span class=\"hover:entity-accent entity-underline inline cursor-pointer align-baseline\"><span class=\"whitespace-normal\">Consejo de la Judicatura<\/span><\/span> en <span class=\"hover:entity-accent entity-underline inline cursor-pointer align-baseline\"><span class=\"whitespace-normal\">Zamora Chinchipe<\/span><\/span>.<\/p>\n<p data-start=\"541\" data-end=\"1004\">La jornada acad\u00e9mica reuni\u00f3 a jueces, fiscales, defensores p\u00fablicos, abogados en libre ejercicio y funcionarios de instituciones p\u00fablicas y gobiernos aut\u00f3nomos descentralizados municipales. Durante la capacitaci\u00f3n se reforzaron conocimientos en teor\u00eda del caso, t\u00e9cnicas de audiencia, interrogatorio, objeciones y redacci\u00f3n jur\u00eddica, elementos fundamentales dentro del sistema procesal ecuatoriano, donde la oralidad constituye el eje central del debate judicial.<\/p>\n<p data-start=\"1006\" data-end=\"1267\">En el m\u00f3dulo de litigaci\u00f3n oral se abordaron herramientas pr\u00e1cticas orientadas a optimizar el desempe\u00f1o en audiencia, estructurar estrategias procesales s\u00f3lidas y garantizar intervenciones t\u00e9cnicas sustentadas en el debido proceso y la tutela judicial efectiva.<\/p>\n<p data-start=\"1269\" data-end=\"1709\">Por su parte, el componente de Contrataci\u00f3n P\u00fablica profundiz\u00f3 en los principios, procedimientos y responsabilidades que rigen la gesti\u00f3n contractual del Estado. Los participantes analizaron aspectos vinculados a la planificaci\u00f3n, fases precontractuales y contractuales, transparencia, mecanismos de control y prevenci\u00f3n de riesgos jur\u00eddicos, con el prop\u00f3sito de fortalecer la seguridad jur\u00eddica y el uso eficiente de los recursos p\u00fablicos.<\/p>\n<p data-start=\"1711\" data-end=\"2080\">La directora provincial del Consejo de la Judicatura en Zamora Chinchipe, Vilma Armijos, destac\u00f3 que la capacitaci\u00f3n permanente es clave para garantizar un servicio de justicia t\u00e9cnico, independiente y orientado a la protecci\u00f3n efectiva de derechos. Subray\u00f3 adem\u00e1s que la actualizaci\u00f3n constante de conocimientos fortalece la institucionalidad y la confianza ciudadana.<\/p>\n<p data-start=\"2082\" data-end=\"2485\">En la misma l\u00ednea, la presidenta del Colegio de Abogados de Zamora Chinchipe, Janeth Guam\u00e1n, resalt\u00f3 la importancia de estos espacios acad\u00e9micos para el ejercicio profesional, se\u00f1alando que la formaci\u00f3n especializada en litigaci\u00f3n oral y contrataci\u00f3n p\u00fablica contribuye a elevar el nivel t\u00e9cnico de los abogados y consolidar una pr\u00e1ctica jur\u00eddica acorde con las exigencias actuales del sistema judicial.<\/p>\n<p data-start=\"2487\" data-end=\"2698\" data-is-last-node=\"\" data-is-only-node=\"\">La iniciativa permiti\u00f3 robustecer las capacidades de los operadores de justicia y profesionales del Derecho, aportando a una atenci\u00f3n m\u00e1s eficiente, transparente y t\u00e9cnica para la ciudadan\u00eda de Zamora Chinchipe.<\/p>\n<\/div>\n<\/div>\n<\/div>\n<\/div>\n<div class=\"z-0 flex min-h-[46px] justify-start\"><\/div>\n<div class=\"mt-3 w-full empty:hidden\">\n<div class=\"text-center\"><\/div>\n<\/div>\n<\/div>\n<\/div>\n<\/article>\n<\/div>\n<div class=\"pointer-events-none h-px w-px absolute bottom-0\" aria-hidden=\"true\" data-edge=\"true\"><\/div>\n","protected":false},"excerpt":{"rendered":"<p>Con el objetivo de fortalecer las competencias t\u00e9cnicas del sistema judicial, 70 profesionales del Derecho y servidores p\u00fablicos participaron en el taller presencial \u201cT\u00e9cnicas y Estrategias de Litigaci\u00f3n Oral\u201d y \u201cContrataci\u00f3n P\u00fablica\u201d, organizado por la Escuela de la Funci\u00f3n Judicial en coordinaci\u00f3n con la Direcci\u00f3n Provincial del Consejo de la Judicatura en Zamora Chinchipe. La [&hellip;]<\/p>\n","protected":false},"author":1,"featured_media":19782,"comment_status":"open","ping_status":"open","sticky":false,"template":"","format":"standard","meta":{"footnotes":""},"categories":[9],"tags":[],"_links":{"self":[{"href":"https:\/\/infozamoraec.com\/index.php\/wp-json\/wp\/v2\/posts\/19781"}],"collection":[{"href":"https:\/\/infozamoraec.com\/index.php\/wp-json\/wp\/v2\/posts"}],"about":[{"href":"https:\/\/infozamoraec.com\/index.php\/wp-json\/wp\/v2\/types\/post"}],"author":[{"embeddable":true,"href":"https:\/\/infozamoraec.com\/index.php\/wp-json\/wp\/v2\/users\/1"}],"replies":[{"embeddable":true,"href":"https:\/\/infozamoraec.com\/index.php\/wp-json\/wp\/v2\/comments?post=19781"}],"version-history":[{"count":2,"href":"https:\/\/infozamoraec.com\/index.php\/wp-json\/wp\/v2\/posts\/19781\/revisions"}],"predecessor-version":[{"id":19784,"href":"https:\/\/infozamoraec.com\/index.php\/wp-json\/wp\/v2\/posts\/19781\/revisions\/19784"}],"wp:featuredmedia":[{"embeddable":true,"href":"https:\/\/infozamoraec.com\/index.php\/wp-json\/wp\/v2\/media\/19782"}],"wp:attachment":[{"href":"https:\/\/infozamoraec.com\/index.php\/wp-json\/wp\/v2\/media?parent=19781"}],"wp:term":[{"taxonomy":"category","embeddable":true,"href":"https:\/\/infozamoraec.com\/index.php\/wp-json\/wp\/v2\/categories?post=19781"},{"taxonomy":"post_tag","embeddable":true,"href":"https:\/\/infozamoraec.com\/index.php\/wp-json\/wp\/v2\/tags?post=19781"}],"curies":[{"name":"wp","href":"https:\/\/api.w.org\/{rel}","templated":true}]}}