{"id":19184,"date":"2026-02-04T01:42:02","date_gmt":"2026-02-04T01:42:02","guid":{"rendered":"https:\/\/infozamoraec.com\/?p=19184"},"modified":"2026-02-04T01:42:02","modified_gmt":"2026-02-04T01:42:02","slug":"unidad-educativa-zumba-conmemora-57-anos-de-vida-institucional-con-misa-de-accion-de-gracias","status":"publish","type":"post","link":"https:\/\/infozamoraec.com\/index.php\/2026\/02\/04\/unidad-educativa-zumba-conmemora-57-anos-de-vida-institucional-con-misa-de-accion-de-gracias\/","title":{"rendered":"Unidad Educativa Zumba conmemora 57 a\u00f1os de vida institucional con misa de acci\u00f3n de gracias"},"content":{"rendered":"<p>La ma\u00f1ana de este martes 3 de febrero de 2026, la comunidad educativa de la Unidad Educativa Zumba celebr\u00f3 sus 57 a\u00f1os de vida institucional con una Santa Misa de Acci\u00f3n de Gracias, desarrollada desde las 11h00 en los patios de la instituci\u00f3n.<\/p>\n<p>El acto religioso congreg\u00f3 a autoridades, docentes, estudiantes y personal administrativo, quienes participaron en un espacio de fe, uni\u00f3n y fraternidad, resaltando la trayectoria y el aporte educativo de la instituci\u00f3n en la formaci\u00f3n de ni\u00f1as, ni\u00f1os y j\u00f3venes del cant\u00f3n Chinchipe.<\/p>\n<p>La jornada concluy\u00f3 con el tradicional compartir de chocolate caliente con pan, fortaleciendo los lazos de convivencia entre los asistentes y marcando un momento de encuentro comunitario en el marco del aniversario institucional.<\/p>\n<p>La Alcald\u00eda del cant\u00f3n Chinchipe se sum\u00f3 a esta conmemoraci\u00f3n y expres\u00f3 su reconocimiento a la labor constante que desarrolla la Unidad Educativa Zumba en favor de la educaci\u00f3n local. Asimismo, ratific\u00f3 su compromiso de continuar promoviendo convenios y proyectos que fortalezcan a las instituciones educativas del cant\u00f3n.<\/p>\n<p>Con esta celebraci\u00f3n, la Unidad Educativa Zumba reafirma su misi\u00f3n educativa y su aporte al desarrollo acad\u00e9mico y humano de la comunidad, consolid\u00e1ndose como un referente en la formaci\u00f3n integral de las nuevas generaciones.<\/p>\n","protected":false},"excerpt":{"rendered":"<p>La ma\u00f1ana de este martes 3 de febrero de 2026, la comunidad educativa de la Unidad Educativa Zumba celebr\u00f3 sus 57 a\u00f1os de vida institucional con una Santa Misa de Acci\u00f3n de Gracias, desarrollada desde las 11h00 en los patios de la instituci\u00f3n. El acto religioso congreg\u00f3 a autoridades, docentes, estudiantes y personal administrativo, quienes [&hellip;]<\/p>\n","protected":false},"author":1,"featured_media":19185,"comment_status":"open","ping_status":"open","sticky":false,"template":"","format":"standard","meta":{"footnotes":""},"categories":[9],"tags":[],"_links":{"self":[{"href":"https:\/\/infozamoraec.com\/index.php\/wp-json\/wp\/v2\/posts\/19184"}],"collection":[{"href":"https:\/\/infozamoraec.com\/index.php\/wp-json\/wp\/v2\/posts"}],"about":[{"href":"https:\/\/infozamoraec.com\/index.php\/wp-json\/wp\/v2\/types\/post"}],"author":[{"embeddable":true,"href":"https:\/\/infozamoraec.com\/index.php\/wp-json\/wp\/v2\/users\/1"}],"replies":[{"embeddable":true,"href":"https:\/\/infozamoraec.com\/index.php\/wp-json\/wp\/v2\/comments?post=19184"}],"version-history":[{"count":2,"href":"https:\/\/infozamoraec.com\/index.php\/wp-json\/wp\/v2\/posts\/19184\/revisions"}],"predecessor-version":[{"id":19187,"href":"https:\/\/infozamoraec.com\/index.php\/wp-json\/wp\/v2\/posts\/19184\/revisions\/19187"}],"wp:featuredmedia":[{"embeddable":true,"href":"https:\/\/infozamoraec.com\/index.php\/wp-json\/wp\/v2\/media\/19185"}],"wp:attachment":[{"href":"https:\/\/infozamoraec.com\/index.php\/wp-json\/wp\/v2\/media?parent=19184"}],"wp:term":[{"taxonomy":"category","embeddable":true,"href":"https:\/\/infozamoraec.com\/index.php\/wp-json\/wp\/v2\/categories?post=19184"},{"taxonomy":"post_tag","embeddable":true,"href":"https:\/\/infozamoraec.com\/index.php\/wp-json\/wp\/v2\/tags?post=19184"}],"curies":[{"name":"wp","href":"https:\/\/api.w.org\/{rel}","templated":true}]}}