{"id":19142,"date":"2026-02-03T01:07:15","date_gmt":"2026-02-03T01:07:15","guid":{"rendered":"https:\/\/infozamoraec.com\/?p=19142"},"modified":"2026-02-03T01:07:15","modified_gmt":"2026-02-03T01:07:15","slug":"zamora-se-prepara-para-vivir-los-carnavales-2026-con-una-amplia-agenda-cultural","status":"publish","type":"post","link":"https:\/\/infozamoraec.com\/index.php\/2026\/02\/03\/zamora-se-prepara-para-vivir-los-carnavales-2026-con-una-amplia-agenda-cultural\/","title":{"rendered":"Zamora se prepara para vivir los Carnavales 2026 con una amplia agenda cultural"},"content":{"rendered":"<p>El Gobierno Aut\u00f3nomo Descentralizado (GAD) Municipal de Zamora present\u00f3 oficialmente la agenda cultural de los Carnavales Zamora 2026, durante un acto realizado este lunes en el sector de las Letras de Zamora. La programaci\u00f3n se desarrollar\u00e1 del 12 al 17 de febrero y busca posicionar al cant\u00f3n como uno de los principales destinos tur\u00edsticos durante el feriado.<\/p>\n<p>El alcalde de Zamora, Manuel Gonz\u00e1lez, inform\u00f3 que la agenda est\u00e1 orientada a ofrecer una celebraci\u00f3n familiar, segura y en armon\u00eda con el entorno natural, destacando a Zamora como la \u201cTierra de Aves y Cascadas\u201d. En este contexto, se\u00f1al\u00f3 que se han remitido oficios a la Gobernaci\u00f3n y a las empresas mineras para solicitar la suspensi\u00f3n del transporte pesado de concentrado de cobre y material aur\u00edfero entre el 14 y el 17 de febrero, con el objetivo de reforzar la seguridad ciudadana durante las festividades.<\/p>\n<p>La programaci\u00f3n iniciar\u00e1 el 12 de febrero con el tradicional Preg\u00f3n Carnavalero, que incluir\u00e1 el Festival de Bandas R\u00edtmicas, la elecci\u00f3n del Rey Momo y la Se\u00f1orita Carnaval, adem\u00e1s de presentaciones de danza y canto. El 14 de febrero, en el Parque Lineal, se desarrollar\u00e1 el Festival por el D\u00eda del Amor y la Amistad, que contar\u00e1 con cerveza artesanal, gastronom\u00eda y la presentaci\u00f3n de las bandas Sfforzato, Andr\u00f3meda, Caim\u00e1n y Equilivre, provenientes de Guayaquil.<\/p>\n<p>Para el 15 de febrero est\u00e1 prevista una exhibici\u00f3n de motocross en la parroquia Timbara. En tanto, los d\u00edas 16 y 17 de febrero se realizar\u00e1n actividades de turismo de aventura, como rafting y parapente, respectivamente. El evento central ser\u00e1 el Festival Art\u00edstico Cultural en el Centro Recreacional Santa Elena. El lunes 16 de febrero, desde las 14h00, se presentar\u00e1n Maycol Jostyn, Grupo Kaoba, Grupo Adagio, Emily &amp; The Class y, como cierre estelar, Daniel Calder\u00f3n y los Gigantes del Vallenato. El martes 17 de febrero, tambi\u00e9n desde las 14h00, se llevar\u00e1 a cabo el cierre de los carnavales con las presentaciones de Gino Latino, Pablo Aguilar, Beder Music\u00f3logo (salsa), Yandar y Jostin (reguet\u00f3n) y Luis Alfonso, con m\u00fasica popular.<\/p>\n<p>La Alcald\u00eda de Zamora extendi\u00f3 la invitaci\u00f3n a la ciudadan\u00eda y a los visitantes a participar de esta agenda cultural, que busca fortalecer el turismo, dinamizar la econom\u00eda local y promover una convivencia segura durante los Carnavales Zamora 2026.<\/p>\n","protected":false},"excerpt":{"rendered":"<p>El Gobierno Aut\u00f3nomo Descentralizado (GAD) Municipal de Zamora present\u00f3 oficialmente la agenda cultural de los Carnavales Zamora 2026, durante un acto realizado este lunes en el sector de las Letras de Zamora. La programaci\u00f3n se desarrollar\u00e1 del 12 al 17 de febrero y busca posicionar al cant\u00f3n como uno de los principales destinos tur\u00edsticos durante [&hellip;]<\/p>\n","protected":false},"author":1,"featured_media":19143,"comment_status":"open","ping_status":"open","sticky":false,"template":"","format":"standard","meta":{"footnotes":""},"categories":[9],"tags":[],"_links":{"self":[{"href":"https:\/\/infozamoraec.com\/index.php\/wp-json\/wp\/v2\/posts\/19142"}],"collection":[{"href":"https:\/\/infozamoraec.com\/index.php\/wp-json\/wp\/v2\/posts"}],"about":[{"href":"https:\/\/infozamoraec.com\/index.php\/wp-json\/wp\/v2\/types\/post"}],"author":[{"embeddable":true,"href":"https:\/\/infozamoraec.com\/index.php\/wp-json\/wp\/v2\/users\/1"}],"replies":[{"embeddable":true,"href":"https:\/\/infozamoraec.com\/index.php\/wp-json\/wp\/v2\/comments?post=19142"}],"version-history":[{"count":2,"href":"https:\/\/infozamoraec.com\/index.php\/wp-json\/wp\/v2\/posts\/19142\/revisions"}],"predecessor-version":[{"id":19145,"href":"https:\/\/infozamoraec.com\/index.php\/wp-json\/wp\/v2\/posts\/19142\/revisions\/19145"}],"wp:featuredmedia":[{"embeddable":true,"href":"https:\/\/infozamoraec.com\/index.php\/wp-json\/wp\/v2\/media\/19143"}],"wp:attachment":[{"href":"https:\/\/infozamoraec.com\/index.php\/wp-json\/wp\/v2\/media?parent=19142"}],"wp:term":[{"taxonomy":"category","embeddable":true,"href":"https:\/\/infozamoraec.com\/index.php\/wp-json\/wp\/v2\/categories?post=19142"},{"taxonomy":"post_tag","embeddable":true,"href":"https:\/\/infozamoraec.com\/index.php\/wp-json\/wp\/v2\/tags?post=19142"}],"curies":[{"name":"wp","href":"https:\/\/api.w.org\/{rel}","templated":true}]}}