{"id":18996,"date":"2026-01-28T03:40:34","date_gmt":"2026-01-28T03:40:34","guid":{"rendered":"https:\/\/infozamoraec.com\/?p=18996"},"modified":"2026-01-28T03:40:34","modified_gmt":"2026-01-28T03:40:34","slug":"paquisha-rindio-homenaje-a-los-excombatientes-de-la-gesta-heroica-de-1981","status":"publish","type":"post","link":"https:\/\/infozamoraec.com\/index.php\/2026\/01\/28\/paquisha-rindio-homenaje-a-los-excombatientes-de-la-gesta-heroica-de-1981\/","title":{"rendered":"Paquisha rindi\u00f3 homenaje a los excombatientes de la Gesta Heroica de 1981"},"content":{"rendered":"<p>Este martes 27 de enero, la Alcald\u00eda del cant\u00f3n Paquisha realiz\u00f3 el recibimiento protocolario a los excombatientes de la Gesta Heroica de Paquisha, en un acto solemne que record\u00f3 la defensa de la soberan\u00eda nacional durante el conflicto armado de 1981 entre Ecuador y Per\u00fa.<\/p>\n<p>El homenaje cont\u00f3 con la participaci\u00f3n de la Escuela \u201cH\u00e9roes de Paquisha\u201d, cuyos estudiantes y docentes formaron una calle de honor como muestra de respeto y gratitud a los hombres que participaron en la defensa del territorio ecuatoriano. El acto simboliz\u00f3 el reconocimiento ciudadano a quienes marcaron un hito en la historia local y nacional.<\/p>\n<p>La Gesta Heroica de Paquisha se remonta a enero de 1981, cuando fuerzas ecuatorianas defendieron los destacamentos de Paquisha, Mayaicu y Machinaza, ubicados en la cordillera del C\u00f3ndor, en un episodio que reafirm\u00f3 la presencia y soberan\u00eda del Ecuador en la zona fronteriza sur. Estos acontecimientos constituyen un referente hist\u00f3rico para el pa\u00eds y, de manera especial, para el cant\u00f3n Paquisha, que adopta su nombre en memoria de estos hechos.<\/p>\n<p>Durante su intervenci\u00f3n, el alcalde Paul Rodr\u00edguez resalt\u00f3 la trascendencia hist\u00f3rica de esta fecha, se\u00f1alando que Paquisha es un \u201ccant\u00f3n de historia y leyenda\u201d. En su discurso, reafirm\u00f3 el compromiso de la administraci\u00f3n municipal de mantener viva la memoria colectiva y el legado de los excombatientes, como parte fundamental de la identidad y formaci\u00f3n c\u00edvica de las nuevas generaciones.<\/p>\n<p>El acto concluy\u00f3 con expresiones de reconocimiento institucional y ciudadano, ratificando el respeto permanente a quienes defendieron con honor la integridad territorial del Ecuador.<\/p>\n","protected":false},"excerpt":{"rendered":"<p>Este martes 27 de enero, la Alcald\u00eda del cant\u00f3n Paquisha realiz\u00f3 el recibimiento protocolario a los excombatientes de la Gesta Heroica de Paquisha, en un acto solemne que record\u00f3 la defensa de la soberan\u00eda nacional durante el conflicto armado de 1981 entre Ecuador y Per\u00fa. El homenaje cont\u00f3 con la participaci\u00f3n de la Escuela \u201cH\u00e9roes [&hellip;]<\/p>\n","protected":false},"author":1,"featured_media":18997,"comment_status":"open","ping_status":"open","sticky":false,"template":"","format":"standard","meta":{"footnotes":""},"categories":[9],"tags":[],"_links":{"self":[{"href":"https:\/\/infozamoraec.com\/index.php\/wp-json\/wp\/v2\/posts\/18996"}],"collection":[{"href":"https:\/\/infozamoraec.com\/index.php\/wp-json\/wp\/v2\/posts"}],"about":[{"href":"https:\/\/infozamoraec.com\/index.php\/wp-json\/wp\/v2\/types\/post"}],"author":[{"embeddable":true,"href":"https:\/\/infozamoraec.com\/index.php\/wp-json\/wp\/v2\/users\/1"}],"replies":[{"embeddable":true,"href":"https:\/\/infozamoraec.com\/index.php\/wp-json\/wp\/v2\/comments?post=18996"}],"version-history":[{"count":2,"href":"https:\/\/infozamoraec.com\/index.php\/wp-json\/wp\/v2\/posts\/18996\/revisions"}],"predecessor-version":[{"id":18999,"href":"https:\/\/infozamoraec.com\/index.php\/wp-json\/wp\/v2\/posts\/18996\/revisions\/18999"}],"wp:featuredmedia":[{"embeddable":true,"href":"https:\/\/infozamoraec.com\/index.php\/wp-json\/wp\/v2\/media\/18997"}],"wp:attachment":[{"href":"https:\/\/infozamoraec.com\/index.php\/wp-json\/wp\/v2\/media?parent=18996"}],"wp:term":[{"taxonomy":"category","embeddable":true,"href":"https:\/\/infozamoraec.com\/index.php\/wp-json\/wp\/v2\/categories?post=18996"},{"taxonomy":"post_tag","embeddable":true,"href":"https:\/\/infozamoraec.com\/index.php\/wp-json\/wp\/v2\/tags?post=18996"}],"curies":[{"name":"wp","href":"https:\/\/api.w.org\/{rel}","templated":true}]}}