{"id":18992,"date":"2026-01-28T03:32:51","date_gmt":"2026-01-28T03:32:51","guid":{"rendered":"https:\/\/infozamoraec.com\/?p=18992"},"modified":"2026-01-28T03:32:51","modified_gmt":"2026-01-28T03:32:51","slug":"gad-municipal-de-zamora-reconoce-la-trayectoria-profesional-del-dr-galo-alcivar-vivanco-torres","status":"publish","type":"post","link":"https:\/\/infozamoraec.com\/index.php\/2026\/01\/28\/gad-municipal-de-zamora-reconoce-la-trayectoria-profesional-del-dr-galo-alcivar-vivanco-torres\/","title":{"rendered":"GAD Municipal de Zamora reconoce la trayectoria profesional del Dr. Galo Alc\u00edvar Vivanco Torres"},"content":{"rendered":"<p data-start=\"101\" data-end=\"384\">El Gobierno Aut\u00f3nomo Descentralizado Municipal del cant\u00f3n Zamora realiz\u00f3 un reconocimiento institucional al Dr. Galo Alc\u00edvar Vivanco Torres, en m\u00e9rito a su extensa trayectoria profesional en el \u00e1mbito de la salud y a su aporte al servicio p\u00fablico en la provincia de Zamora Chinchipe.<\/p>\n<p data-start=\"386\" data-end=\"811\">El Dr. Vivanco es m\u00e9dico cirujano, graduado en la Universidad Nacional de Loja. Cumpli\u00f3 su internado rotativo en los hospitales Isidro Ayora de Loja y Julius Dopferner de Zamora Chinchipe, y realiz\u00f3 su a\u00f1o rural en la parroquia El Cisne. En 1985 ingres\u00f3 al Instituto Ecuatoriano de Seguridad Social (IESS) tras aprobar el concurso de m\u00e9ritos y oposici\u00f3n, desempe\u00f1\u00e1ndose en la atenci\u00f3n a afiliados del Seguro Social Campesino.<\/p>\n<p data-start=\"813\" data-end=\"1207\">Desde 1990 se desempe\u00f1a como Director del Dispensario M\u00e9dico del IESS en Zamora Chinchipe. Durante su gesti\u00f3n ha participado en la consolidaci\u00f3n del actual Hospital del D\u00eda, que brinda atenci\u00f3n a afiliados, jubilados, pensionistas y ni\u00f1os hasta los 18 a\u00f1os. Asimismo, contribuy\u00f3 a la implementaci\u00f3n de dispensarios m\u00e9dicos en la ciudad de Zumba, beneficiando a los cantones Chinchipe y Palanda.<\/p>\n<p data-start=\"1209\" data-end=\"1475\" data-is-last-node=\"\" data-is-only-node=\"\">El reconocimiento fue entregado por el alcalde del cant\u00f3n Zamora, V\u00edctor Manuel Gonz\u00e1lez Salinas, junto a los concejales municipales, quienes destacaron su trayectoria profesional y su contribuci\u00f3n al fortalecimiento del sistema de salud en el cant\u00f3n y la provincia.<\/p>\n","protected":false},"excerpt":{"rendered":"<p>El Gobierno Aut\u00f3nomo Descentralizado Municipal del cant\u00f3n Zamora realiz\u00f3 un reconocimiento institucional al Dr. Galo Alc\u00edvar Vivanco Torres, en m\u00e9rito a su extensa trayectoria profesional en el \u00e1mbito de la salud y a su aporte al servicio p\u00fablico en la provincia de Zamora Chinchipe. El Dr. Vivanco es m\u00e9dico cirujano, graduado en la Universidad Nacional [&hellip;]<\/p>\n","protected":false},"author":1,"featured_media":18993,"comment_status":"open","ping_status":"open","sticky":false,"template":"","format":"standard","meta":{"footnotes":""},"categories":[9],"tags":[],"_links":{"self":[{"href":"https:\/\/infozamoraec.com\/index.php\/wp-json\/wp\/v2\/posts\/18992"}],"collection":[{"href":"https:\/\/infozamoraec.com\/index.php\/wp-json\/wp\/v2\/posts"}],"about":[{"href":"https:\/\/infozamoraec.com\/index.php\/wp-json\/wp\/v2\/types\/post"}],"author":[{"embeddable":true,"href":"https:\/\/infozamoraec.com\/index.php\/wp-json\/wp\/v2\/users\/1"}],"replies":[{"embeddable":true,"href":"https:\/\/infozamoraec.com\/index.php\/wp-json\/wp\/v2\/comments?post=18992"}],"version-history":[{"count":2,"href":"https:\/\/infozamoraec.com\/index.php\/wp-json\/wp\/v2\/posts\/18992\/revisions"}],"predecessor-version":[{"id":18995,"href":"https:\/\/infozamoraec.com\/index.php\/wp-json\/wp\/v2\/posts\/18992\/revisions\/18995"}],"wp:featuredmedia":[{"embeddable":true,"href":"https:\/\/infozamoraec.com\/index.php\/wp-json\/wp\/v2\/media\/18993"}],"wp:attachment":[{"href":"https:\/\/infozamoraec.com\/index.php\/wp-json\/wp\/v2\/media?parent=18992"}],"wp:term":[{"taxonomy":"category","embeddable":true,"href":"https:\/\/infozamoraec.com\/index.php\/wp-json\/wp\/v2\/categories?post=18992"},{"taxonomy":"post_tag","embeddable":true,"href":"https:\/\/infozamoraec.com\/index.php\/wp-json\/wp\/v2\/tags?post=18992"}],"curies":[{"name":"wp","href":"https:\/\/api.w.org\/{rel}","templated":true}]}}