{"id":18985,"date":"2026-01-28T03:24:42","date_gmt":"2026-01-28T03:24:42","guid":{"rendered":"https:\/\/infozamoraec.com\/?p=18985"},"modified":"2026-01-28T03:24:42","modified_gmt":"2026-01-28T03:24:42","slug":"la-corte-provincial-de-justicia-de-zamora-chinchipe-designo-a-su-nuevo-presidente-para-el-periodo-2026-2028","status":"publish","type":"post","link":"https:\/\/infozamoraec.com\/index.php\/2026\/01\/28\/la-corte-provincial-de-justicia-de-zamora-chinchipe-designo-a-su-nuevo-presidente-para-el-periodo-2026-2028\/","title":{"rendered":"La Corte Provincial de Justicia de Zamora Chinchipe design\u00f3 a su nuevo Presidente para el per\u00edodo 2026\u20132028"},"content":{"rendered":"<p data-start=\"113\" data-end=\"375\">La <strong data-start=\"116\" data-end=\"168\">Corte Provincial de Justicia de Zamora Chinchipe<\/strong> design\u00f3 al <strong data-start=\"180\" data-end=\"218\">doctor Frank Ricardo Caama\u00f1o Ochoa<\/strong> como su nuevo <strong data-start=\"233\" data-end=\"273\">Presidente para el per\u00edodo 2026\u20132028<\/strong>, en reemplazo del <strong data-start=\"292\" data-end=\"317\">doctor Bladimir Erazo<\/strong>, quien ejerci\u00f3 esta dignidad desde el 6 de enero de 2024.<\/p>\n<p data-start=\"377\" data-end=\"621\">La designaci\u00f3n se efectu\u00f3 el <strong data-start=\"406\" data-end=\"427\">lunes 26 de enero<\/strong>, durante la sesi\u00f3n de la <strong data-start=\"453\" data-end=\"483\">Sala \u00danica Multicompetente<\/strong> de la Corte Provincial, en la que sus integrantes eligieron al nuevo titular conforme a lo establecido en la <strong data-start=\"593\" data-end=\"620\">normativa legal vigente<\/strong>.<\/p>\n<p data-start=\"623\" data-end=\"1252\">El doctor Caama\u00f1o Ochoa posee una <strong data-start=\"657\" data-end=\"713\">s\u00f3lida formaci\u00f3n acad\u00e9mica y trayectoria profesional<\/strong> en el \u00e1mbito jur\u00eddico. Es <strong data-start=\"740\" data-end=\"835\">Abogado, Licenciado en Ciencias Sociales, Pol\u00edticas y Econ\u00f3micas y Doctor en Jurisprudencia<\/strong> por la <strong data-start=\"843\" data-end=\"875\">Universidad Nacional de Loja<\/strong>. Adem\u00e1s, cuenta con estudios de posgrado como <strong data-start=\"922\" data-end=\"953\">mag\u00edster en Derecho Laboral<\/strong>, <strong data-start=\"955\" data-end=\"992\">mag\u00edster en Derecho Penal (Egdo.)<\/strong>, <strong data-start=\"994\" data-end=\"1030\">Especialista en Derecho Procesal<\/strong>, <strong data-start=\"1032\" data-end=\"1080\">Especialista en Consultor\u00eda Jur\u00eddico Laboral<\/strong> y un <strong data-start=\"1086\" data-end=\"1132\">Diplomado Superior en Contrataci\u00f3n Laboral<\/strong>, t\u00edtulos obtenidos en reconocidas universidades del pa\u00eds, que respaldan su desempe\u00f1o dentro de la <strong data-start=\"1231\" data-end=\"1251\">Funci\u00f3n Judicial<\/strong>.<\/p>\n<p data-start=\"1254\" data-end=\"1603\">El proceso de elecci\u00f3n se desarroll\u00f3 en cumplimiento del <strong data-start=\"1311\" data-end=\"1377\">art\u00edculo 210 del C\u00f3digo Org\u00e1nico de la Funci\u00f3n Judicial (COFJ)<\/strong>, que establece que la Presidenta o el Presidente de la Corte Provincial debe ser elegido de entre los jueces, durante la primera quincena del a\u00f1o correspondiente, mediante <strong data-start=\"1550\" data-end=\"1602\">votaci\u00f3n escrita, secreta y por mayor\u00eda de votos<\/strong>.<\/p>\n<p data-start=\"1605\" data-end=\"2028\">Tras asumir esta responsabilidad, el nuevo Presidente se\u00f1al\u00f3 que su gesti\u00f3n estar\u00e1 enfocada en <strong data-start=\"1700\" data-end=\"1726\">dos ejes fundamentales<\/strong>: la <strong data-start=\"1731\" data-end=\"1787\">capacitaci\u00f3n permanente de los servidores judiciales<\/strong> y el <strong data-start=\"1793\" data-end=\"1826\">fortalecimiento institucional<\/strong>, a trav\u00e9s de reuniones peri\u00f3dicas con los jueces de la provincia, con el objetivo de <strong data-start=\"1912\" data-end=\"1949\">consolidar el sistema de justicia<\/strong> y garantizar un <strong data-start=\"1966\" data-end=\"2008\">servicio judicial eficiente y oportuno<\/strong> para la ciudadan\u00eda.<\/p>\n<p data-start=\"2030\" data-end=\"2336\">Asimismo, el doctor Caama\u00f1o Ochoa destac\u00f3 la importancia de promover el <strong data-start=\"2102\" data-end=\"2154\">trabajo coordinado dentro de la Funci\u00f3n Judicial<\/strong>, fortaleciendo los mecanismos de di\u00e1logo interno y el adecuado funcionamiento institucional, siempre en el marco de la <strong data-start=\"2274\" data-end=\"2300\">independencia judicial<\/strong> y el <strong data-start=\"2306\" data-end=\"2335\">respeto al debido proceso<\/strong>.<\/p>\n<p data-start=\"2338\" data-end=\"2750\" data-is-last-node=\"\" data-is-only-node=\"\">Finalmente, subray\u00f3 que durante su administraci\u00f3n se priorizar\u00e1n acciones orientadas a <strong data-start=\"2425\" data-end=\"2501\">garantizar la seguridad e integridad de las y los operadores de justicia<\/strong> en la provincia, mediante la <strong data-start=\"2531\" data-end=\"2566\">articulaci\u00f3n interinstitucional<\/strong> y la implementaci\u00f3n de <strong data-start=\"2590\" data-end=\"2613\">medidas preventivas<\/strong>, que permitan a jueces, fiscales y servidores judiciales ejercer sus funciones con <strong data-start=\"2697\" data-end=\"2749\">tranquilidad, autonom\u00eda y respaldo institucional<\/strong>.<\/p>\n","protected":false},"excerpt":{"rendered":"<p>La Corte Provincial de Justicia de Zamora Chinchipe design\u00f3 al doctor Frank Ricardo Caama\u00f1o Ochoa como su nuevo Presidente para el per\u00edodo 2026\u20132028, en reemplazo del doctor Bladimir Erazo, quien ejerci\u00f3 esta dignidad desde el 6 de enero de 2024. La designaci\u00f3n se efectu\u00f3 el lunes 26 de enero, durante la sesi\u00f3n de la Sala [&hellip;]<\/p>\n","protected":false},"author":1,"featured_media":18986,"comment_status":"open","ping_status":"open","sticky":false,"template":"","format":"standard","meta":{"footnotes":""},"categories":[9],"tags":[],"_links":{"self":[{"href":"https:\/\/infozamoraec.com\/index.php\/wp-json\/wp\/v2\/posts\/18985"}],"collection":[{"href":"https:\/\/infozamoraec.com\/index.php\/wp-json\/wp\/v2\/posts"}],"about":[{"href":"https:\/\/infozamoraec.com\/index.php\/wp-json\/wp\/v2\/types\/post"}],"author":[{"embeddable":true,"href":"https:\/\/infozamoraec.com\/index.php\/wp-json\/wp\/v2\/users\/1"}],"replies":[{"embeddable":true,"href":"https:\/\/infozamoraec.com\/index.php\/wp-json\/wp\/v2\/comments?post=18985"}],"version-history":[{"count":1,"href":"https:\/\/infozamoraec.com\/index.php\/wp-json\/wp\/v2\/posts\/18985\/revisions"}],"predecessor-version":[{"id":18987,"href":"https:\/\/infozamoraec.com\/index.php\/wp-json\/wp\/v2\/posts\/18985\/revisions\/18987"}],"wp:featuredmedia":[{"embeddable":true,"href":"https:\/\/infozamoraec.com\/index.php\/wp-json\/wp\/v2\/media\/18986"}],"wp:attachment":[{"href":"https:\/\/infozamoraec.com\/index.php\/wp-json\/wp\/v2\/media?parent=18985"}],"wp:term":[{"taxonomy":"category","embeddable":true,"href":"https:\/\/infozamoraec.com\/index.php\/wp-json\/wp\/v2\/categories?post=18985"},{"taxonomy":"post_tag","embeddable":true,"href":"https:\/\/infozamoraec.com\/index.php\/wp-json\/wp\/v2\/tags?post=18985"}],"curies":[{"name":"wp","href":"https:\/\/api.w.org\/{rel}","templated":true}]}}