{"id":18953,"date":"2026-01-27T01:30:01","date_gmt":"2026-01-27T01:30:01","guid":{"rendered":"https:\/\/infozamoraec.com\/?p=18953"},"modified":"2026-01-27T01:30:01","modified_gmt":"2026-01-27T01:30:01","slug":"sector-minero-de-zamora-chinchipe-mantiene-asamblea-permanente-desde-el-23-de-enero","status":"publish","type":"post","link":"https:\/\/infozamoraec.com\/index.php\/2026\/01\/27\/sector-minero-de-zamora-chinchipe-mantiene-asamblea-permanente-desde-el-23-de-enero\/","title":{"rendered":"Sector minero de Zamora Chinchipe mantiene asamblea permanente desde el 23 de enero"},"content":{"rendered":"<p data-start=\"89\" data-end=\"458\">El <strong data-start=\"124\" data-end=\"161\">sector minero de Zamora Chinchipe<\/strong> se declar\u00f3 en <strong data-start=\"174\" data-end=\"197\">asamblea permanente<\/strong> desde el <strong data-start=\"207\" data-end=\"222\">23 de enero<\/strong>, tras\u00a0 una masiva jornada convocada por la <strong data-start=\"304\" data-end=\"345\">C\u00e1mara de Miner\u00eda de Zamora Chinchipe<\/strong>, en la que se exigi\u00f3 al <strong data-start=\"370\" data-end=\"391\">Gobierno Nacional<\/strong> el cese de la denominada \u201ccriminalizaci\u00f3n\u201d de la actividad minera.<\/p>\n<p data-start=\"460\" data-end=\"873\">La decisi\u00f3n fue adoptada durante una asamblea realizada el pasado viernes en la capital provincial, que reuni\u00f3 a representantes de <strong data-start=\"591\" data-end=\"612\">distritos mineros<\/strong>, <strong data-start=\"614\" data-end=\"635\">transporte pesado<\/strong>, <strong data-start=\"637\" data-end=\"649\">ge\u00f3logos<\/strong>, <strong data-start=\"651\" data-end=\"665\">acad\u00e9micos<\/strong> y <strong data-start=\"668\" data-end=\"695\">organizaciones sociales<\/strong>, quienes denunciaron la <strong data-start=\"720\" data-end=\"750\">falta de voluntad pol\u00edtica<\/strong> para atender las demandas del sector y el <strong data-start=\"793\" data-end=\"824\">asedio de la fuerza p\u00fablica<\/strong> contra la miner\u00eda artesanal y de peque\u00f1a escala.<\/p>\n<p data-start=\"875\" data-end=\"1374\">El presidente de la C\u00e1mara de Miner\u00eda, <strong data-start=\"914\" data-end=\"929\">Paul Pineda<\/strong>, reiter\u00f3 su rechazo a la gesti\u00f3n de los sucesivos gobiernos y afirm\u00f3 que los compromisos asumidos para la <strong data-start=\"1036\" data-end=\"1072\">regularizaci\u00f3n del sector minero<\/strong> han sido incumplidos de manera sistem\u00e1tica.<br data-start=\"1116\" data-end=\"1119\" \/>\u201cLos legisladores y otras autoridades de elecci\u00f3n popular solo nos visitan en tiempos electorales. Existe una falta de compromiso total de las autoridades locales y nacionales para apoyar al sector que sostiene la econom\u00eda de Zamora Chinchipe\u201d, manifest\u00f3.<\/p>\n<p data-start=\"1376\" data-end=\"1737\">Por su parte, el <strong data-start=\"1393\" data-end=\"1426\">asamble\u00edsta H\u00e9ctor Valladares<\/strong> sostuvo que la informaci\u00f3n oficial del <strong data-start=\"1466\" data-end=\"1499\">Ministerio de Energ\u00eda y Minas<\/strong> evidencia el desinter\u00e9s estatal por resolver este conflicto, al tiempo que responsabiliz\u00f3 al actual r\u00e9gimen de <strong data-start=\"1611\" data-end=\"1644\">criminalizar al sector minero<\/strong> mediante el incremento de penas que, seg\u00fan indic\u00f3, se derivan de la \u00faltima consulta popular.<\/p>\n<p data-start=\"1739\" data-end=\"2100\">Desde las bases, dirigentes como <strong data-start=\"1772\" data-end=\"1793\">Oswaldo Matamoros<\/strong> denunciaron lo que calificaron como <strong data-start=\"1830\" data-end=\"1843\">represi\u00f3n<\/strong> por parte de las fuerzas del orden y exigieron a las <strong data-start=\"1897\" data-end=\"1940\">Fuerzas Armadas y a la Polic\u00eda Nacional<\/strong> redirigir sus esfuerzos hacia el combate de los <strong data-start=\"1989\" data-end=\"2026\">grupos de delincuencia organizada<\/strong> que operan en la provincia, en lugar de perseguir a trabajadores mineros.<\/p>\n<p data-start=\"2102\" data-end=\"2533\">Como resultado de la asamblea del 23 de enero, el sector resolvi\u00f3 una serie de acciones, entre ellas la <strong data-start=\"2206\" data-end=\"2238\">denuncia de presuntos abusos<\/strong> ante la Gobernaci\u00f3n, el Ministerio de Energ\u00eda y Minas, la ARCOM y la Defensor\u00eda P\u00fablica; el impulso de una <strong data-start=\"2346\" data-end=\"2377\">reforma a la Ley de Miner\u00eda<\/strong>; la promoci\u00f3n de una <strong data-start=\"2399\" data-end=\"2430\">consulta popular provincial<\/strong> para definir el modelo de explotaci\u00f3n minera; y la <strong data-start=\"2482\" data-end=\"2532\">exigencia de un nuevo censo minero actualizado<\/strong>.<\/p>\n<p data-start=\"2535\" data-end=\"2785\" data-is-last-node=\"\" data-is-only-node=\"\">La <strong data-start=\"2538\" data-end=\"2579\">C\u00e1mara de Miner\u00eda de Zamora Chinchipe<\/strong> advirti\u00f3 que, de no instalarse una <strong data-start=\"2615\" data-end=\"2643\">mesa de di\u00e1logo efectiva<\/strong> con la Presidencia de la Rep\u00fablica y los dem\u00e1s poderes del Estado, se <strong data-start=\"2714\" data-end=\"2763\">mantendr\u00e1n y escalar\u00e1n las medidas de presi\u00f3n<\/strong> en toda la provincia.<\/p>\n","protected":false},"excerpt":{"rendered":"<p>El sector minero de Zamora Chinchipe se declar\u00f3 en asamblea permanente desde el 23 de enero, tras\u00a0 una masiva jornada convocada por la C\u00e1mara de Miner\u00eda de Zamora Chinchipe, en la que se exigi\u00f3 al Gobierno Nacional el cese de la denominada \u201ccriminalizaci\u00f3n\u201d de la actividad minera. La decisi\u00f3n fue adoptada durante una asamblea realizada [&hellip;]<\/p>\n","protected":false},"author":1,"featured_media":18954,"comment_status":"open","ping_status":"open","sticky":false,"template":"","format":"standard","meta":{"footnotes":""},"categories":[9],"tags":[],"_links":{"self":[{"href":"https:\/\/infozamoraec.com\/index.php\/wp-json\/wp\/v2\/posts\/18953"}],"collection":[{"href":"https:\/\/infozamoraec.com\/index.php\/wp-json\/wp\/v2\/posts"}],"about":[{"href":"https:\/\/infozamoraec.com\/index.php\/wp-json\/wp\/v2\/types\/post"}],"author":[{"embeddable":true,"href":"https:\/\/infozamoraec.com\/index.php\/wp-json\/wp\/v2\/users\/1"}],"replies":[{"embeddable":true,"href":"https:\/\/infozamoraec.com\/index.php\/wp-json\/wp\/v2\/comments?post=18953"}],"version-history":[{"count":1,"href":"https:\/\/infozamoraec.com\/index.php\/wp-json\/wp\/v2\/posts\/18953\/revisions"}],"predecessor-version":[{"id":18955,"href":"https:\/\/infozamoraec.com\/index.php\/wp-json\/wp\/v2\/posts\/18953\/revisions\/18955"}],"wp:featuredmedia":[{"embeddable":true,"href":"https:\/\/infozamoraec.com\/index.php\/wp-json\/wp\/v2\/media\/18954"}],"wp:attachment":[{"href":"https:\/\/infozamoraec.com\/index.php\/wp-json\/wp\/v2\/media?parent=18953"}],"wp:term":[{"taxonomy":"category","embeddable":true,"href":"https:\/\/infozamoraec.com\/index.php\/wp-json\/wp\/v2\/categories?post=18953"},{"taxonomy":"post_tag","embeddable":true,"href":"https:\/\/infozamoraec.com\/index.php\/wp-json\/wp\/v2\/tags?post=18953"}],"curies":[{"name":"wp","href":"https:\/\/api.w.org\/{rel}","templated":true}]}}