{"id":18949,"date":"2026-01-27T01:23:55","date_gmt":"2026-01-27T01:23:55","guid":{"rendered":"https:\/\/infozamoraec.com\/?p=18949"},"modified":"2026-01-27T01:23:55","modified_gmt":"2026-01-27T01:23:55","slug":"mas-de-dos-kilometros-de-vialidad-impulsan-el-desarrollo-del-sector-san-carlos","status":"publish","type":"post","link":"https:\/\/infozamoraec.com\/index.php\/2026\/01\/27\/mas-de-dos-kilometros-de-vialidad-impulsan-el-desarrollo-del-sector-san-carlos\/","title":{"rendered":"M\u00e1s de dos kil\u00f3metros de vialidad impulsan el desarrollo del sector San Carlos"},"content":{"rendered":"<p>En un ambiente de alegr\u00eda y algarab\u00eda, este fin de semana se realiz\u00f3 la entrega oficial del proyecto vial que conduce al sector San Carlos, en la parroquia Pachicutza, una obra ejecutada por la Alcald\u00eda de El Pangui como parte de las acciones orientadas a fortalecer la producci\u00f3n local.<\/p>\n<p>La intervenci\u00f3n contempla m\u00e1s de dos kil\u00f3metros de apertura y lastrado de nuevas calles, beneficiando de manera directa a productores, agricultores, ganaderos y sus familias. La obra mejora de forma significativa la conectividad del sector, facilita el transporte de productos agr\u00edcolas y pecuarios, reduce los tiempos de traslado y contribuye al fortalecimiento de la econom\u00eda local.<\/p>\n<p>Durante el acto, Pablo Morocho, morador del barrio, expres\u00f3 su agradecimiento por la ejecuci\u00f3n del proyecto y destac\u00f3 que las competencias institucionales no fueron un impedimento para llevar adelante el desarrollo de los sectores, mediante la apertura y lastrado de calles.<\/p>\n<p>Por su parte, Jamil Correa, presidente del GAD Parroquial de Pachicutza, felicit\u00f3 al alcalde y resalt\u00f3 la unidad de trabajo mantenida desde el inicio de la administraci\u00f3n. \u201cDebemos sentirnos contentos porque su trabajo y esfuerzo son reconocidos a nivel nacional\u201d, se\u00f1al\u00f3.<\/p>\n<p>El concejal Segundo Encarnaci\u00f3n manifest\u00f3 que esta obra tiene como objetivo apoyar directamente al sector productivo, y ratific\u00f3 el compromiso del personal del GAD Municipal de continuar trabajando en todo el cant\u00f3n.<\/p>\n<p>La cinta inaugural fue cortada por el alcalde Jairo Herrera, quien destac\u00f3 que la vialidad est\u00e1 estrechamente vinculada con la producci\u00f3n. \u201cCuando se tiene cari\u00f1o y amor por nuestro cant\u00f3n, todo es posible, y hoy lo estamos demostrando. Con esta v\u00eda se benefician muchas familias. Adem\u00e1s, en los pr\u00f3ximos d\u00edas se dar\u00e1 inicio a un proyecto de agua potable\u201d, anunci\u00f3.<\/p>\n<p>En el marco de esta actividad, los moradores del barrio reconocieron la labor de la primera autoridad cantonal, del presidente del GAD Parroquial de Pachicutza, Jamil Correa, y de Carlos Tirado, director de Obras P\u00fablicas del Municipio, mediante la entrega de placas de reconocimiento.<\/p>\n<p>Con esta intervenci\u00f3n, el GAD Municipal de El Pangui reafirma su compromiso de continuar ejecutando obras que transforman realidades e impulsan el desarrollo productivo del cant\u00f3n.<\/p>\n","protected":false},"excerpt":{"rendered":"<p>En un ambiente de alegr\u00eda y algarab\u00eda, este fin de semana se realiz\u00f3 la entrega oficial del proyecto vial que conduce al sector San Carlos, en la parroquia Pachicutza, una obra ejecutada por la Alcald\u00eda de El Pangui como parte de las acciones orientadas a fortalecer la producci\u00f3n local. La intervenci\u00f3n contempla m\u00e1s de dos [&hellip;]<\/p>\n","protected":false},"author":1,"featured_media":18950,"comment_status":"open","ping_status":"open","sticky":false,"template":"","format":"standard","meta":{"footnotes":""},"categories":[9],"tags":[],"_links":{"self":[{"href":"https:\/\/infozamoraec.com\/index.php\/wp-json\/wp\/v2\/posts\/18949"}],"collection":[{"href":"https:\/\/infozamoraec.com\/index.php\/wp-json\/wp\/v2\/posts"}],"about":[{"href":"https:\/\/infozamoraec.com\/index.php\/wp-json\/wp\/v2\/types\/post"}],"author":[{"embeddable":true,"href":"https:\/\/infozamoraec.com\/index.php\/wp-json\/wp\/v2\/users\/1"}],"replies":[{"embeddable":true,"href":"https:\/\/infozamoraec.com\/index.php\/wp-json\/wp\/v2\/comments?post=18949"}],"version-history":[{"count":2,"href":"https:\/\/infozamoraec.com\/index.php\/wp-json\/wp\/v2\/posts\/18949\/revisions"}],"predecessor-version":[{"id":18952,"href":"https:\/\/infozamoraec.com\/index.php\/wp-json\/wp\/v2\/posts\/18949\/revisions\/18952"}],"wp:featuredmedia":[{"embeddable":true,"href":"https:\/\/infozamoraec.com\/index.php\/wp-json\/wp\/v2\/media\/18950"}],"wp:attachment":[{"href":"https:\/\/infozamoraec.com\/index.php\/wp-json\/wp\/v2\/media?parent=18949"}],"wp:term":[{"taxonomy":"category","embeddable":true,"href":"https:\/\/infozamoraec.com\/index.php\/wp-json\/wp\/v2\/categories?post=18949"},{"taxonomy":"post_tag","embeddable":true,"href":"https:\/\/infozamoraec.com\/index.php\/wp-json\/wp\/v2\/tags?post=18949"}],"curies":[{"name":"wp","href":"https:\/\/api.w.org\/{rel}","templated":true}]}}