{"id":18882,"date":"2026-01-23T01:55:46","date_gmt":"2026-01-23T01:55:46","guid":{"rendered":"https:\/\/infozamoraec.com\/?p=18882"},"modified":"2026-01-23T01:55:46","modified_gmt":"2026-01-23T01:55:46","slug":"gad-zamora-atendio-interrupcion-vial-en-la-parroquia-guadalupe","status":"publish","type":"post","link":"https:\/\/infozamoraec.com\/index.php\/2026\/01\/23\/gad-zamora-atendio-interrupcion-vial-en-la-parroquia-guadalupe\/","title":{"rendered":"GAD Zamora atendi\u00f3 interrupci\u00f3n vial en la parroquia Guadalupe"},"content":{"rendered":"<p data-start=\"73\" data-end=\"372\">Tras las fuertes lluvias registradas durante la madrugada de este jueves 22 de enero de 2026, se produjo un deslizamiento de tierra que obstaculiz\u00f3 la v\u00eda\u00a0 La Saquea \u2013 Guaguayme Bajo, en la parroquia Guadalupe, cant\u00f3n Zamora, generando dificultades para la circulaci\u00f3n vehicular.<\/p>\n<p data-start=\"374\" data-end=\"673\">Ante la situaci\u00f3n emergente, la Municipalidad de Zamora activ\u00f3 de manera inmediata su contingente operativo y desplaz\u00f3 maquinaria pesada al sector. Una pala cargadora ejecuta labores de limpieza y remoci\u00f3n del material deslizado, con el objetivo de habilitar la v\u00eda y garantizar la seguridad de los usuarios.<\/p>\n<p data-start=\"675\" data-end=\"1218\">El alcalde del cant\u00f3n Zamora, Manuel Gonz\u00e1lez, acudi\u00f3 personalmente al lugar para supervisar los trabajos y coordinar la atenci\u00f3n inmediata. La autoridad explic\u00f3 que la alerta fue recibida alrededor de las 05h30, lo que permiti\u00f3 organizar de forma inmediata al personal y trasladar la maquinaria. \u201cA las 06h30 ya estuvimos movilizando el equipo y a las 07h30 iniciamos los trabajos en el sitio. Estamos aqu\u00ed todo el d\u00eda porque el compromiso de esta administraci\u00f3n es estar en territorio y responder de manera oportuna a la ciudadan\u00eda\u201d, se\u00f1al\u00f3.<\/p>\n<p data-start=\"1220\" data-end=\"1427\">Gonz\u00e1lez destac\u00f3 que la atenci\u00f3n de emergencias viales forma parte del trabajo permanente del cabildo, recordando que en d\u00edas anteriores se realizaron acciones similares en otros sectores rurales del cant\u00f3n.<\/p>\n<p data-start=\"1429\" data-end=\"1708\">Por su parte, Israel Lupercio, morador del sector, reconoci\u00f3 la respuesta oportuna del GAD Municipal. Indic\u00f3 que la presencia de la maquinaria y de las autoridades locales permiti\u00f3 iniciar de inmediato los trabajos, con la expectativa de restablecer el tr\u00e1nsito lo antes posible.<\/p>\n<p data-start=\"1710\" data-end=\"1930\" data-is-last-node=\"\" data-is-only-node=\"\">La Municipalidad de Zamora inform\u00f3 que las labores continuar\u00e1n hasta dejar la v\u00eda completamente habilitada, reiterando su compromiso de trabajar por la seguridad vial y el bienestar de las comunidades rurales del cant\u00f3n.<\/p>\n","protected":false},"excerpt":{"rendered":"<p>Tras las fuertes lluvias registradas durante la madrugada de este jueves 22 de enero de 2026, se produjo un deslizamiento de tierra que obstaculiz\u00f3 la v\u00eda\u00a0 La Saquea \u2013 Guaguayme Bajo, en la parroquia Guadalupe, cant\u00f3n Zamora, generando dificultades para la circulaci\u00f3n vehicular. Ante la situaci\u00f3n emergente, la Municipalidad de Zamora activ\u00f3 de manera inmediata [&hellip;]<\/p>\n","protected":false},"author":1,"featured_media":18883,"comment_status":"open","ping_status":"open","sticky":false,"template":"","format":"standard","meta":{"footnotes":""},"categories":[9],"tags":[],"_links":{"self":[{"href":"https:\/\/infozamoraec.com\/index.php\/wp-json\/wp\/v2\/posts\/18882"}],"collection":[{"href":"https:\/\/infozamoraec.com\/index.php\/wp-json\/wp\/v2\/posts"}],"about":[{"href":"https:\/\/infozamoraec.com\/index.php\/wp-json\/wp\/v2\/types\/post"}],"author":[{"embeddable":true,"href":"https:\/\/infozamoraec.com\/index.php\/wp-json\/wp\/v2\/users\/1"}],"replies":[{"embeddable":true,"href":"https:\/\/infozamoraec.com\/index.php\/wp-json\/wp\/v2\/comments?post=18882"}],"version-history":[{"count":1,"href":"https:\/\/infozamoraec.com\/index.php\/wp-json\/wp\/v2\/posts\/18882\/revisions"}],"predecessor-version":[{"id":18884,"href":"https:\/\/infozamoraec.com\/index.php\/wp-json\/wp\/v2\/posts\/18882\/revisions\/18884"}],"wp:featuredmedia":[{"embeddable":true,"href":"https:\/\/infozamoraec.com\/index.php\/wp-json\/wp\/v2\/media\/18883"}],"wp:attachment":[{"href":"https:\/\/infozamoraec.com\/index.php\/wp-json\/wp\/v2\/media?parent=18882"}],"wp:term":[{"taxonomy":"category","embeddable":true,"href":"https:\/\/infozamoraec.com\/index.php\/wp-json\/wp\/v2\/categories?post=18882"},{"taxonomy":"post_tag","embeddable":true,"href":"https:\/\/infozamoraec.com\/index.php\/wp-json\/wp\/v2\/tags?post=18882"}],"curies":[{"name":"wp","href":"https:\/\/api.w.org\/{rel}","templated":true}]}}