{"id":18871,"date":"2026-01-23T01:30:57","date_gmt":"2026-01-23T01:30:57","guid":{"rendered":"https:\/\/infozamoraec.com\/?p=18871"},"modified":"2026-01-23T01:30:57","modified_gmt":"2026-01-23T01:30:57","slug":"gestores-de-derechos-humanos-participaron-en-jornada-de-fortalecimiento-laboral-en-yantzaza","status":"publish","type":"post","link":"https:\/\/infozamoraec.com\/index.php\/2026\/01\/23\/gestores-de-derechos-humanos-participaron-en-jornada-de-fortalecimiento-laboral-en-yantzaza\/","title":{"rendered":"Gestores de Derechos Humanos participaron en jornada de fortalecimiento laboral en Yantzaza"},"content":{"rendered":"<p>Este jueves 22 de enero de 2026, varios gestores de los Derechos Humanos del Centro de Atenci\u00f3n Integral a V\u00edctimas de Violencia Mujer de Luz, del cant\u00f3n Yantzaza, participaron en una jornada de transferencia de conocimientos orientada al fortalecimiento de las relaciones laborales y a la prevenci\u00f3n de la violencia en el \u00e1mbito institucional.<\/p>\n<p>La actividad tuvo como objetivo promover entornos laborales respetuosos, saludables y libres de violencia, mediante el intercambio de experiencias y la socializaci\u00f3n de medidas preventivas que contribuyan a una convivencia institucional basada en el respeto y la dignidad humana.<\/p>\n<p>Durante la jornada se destac\u00f3 el compromiso del personal participante y se reconoci\u00f3 el liderazgo del director del Distrito 19D04,\u00a0 L\u00edder Rojas Vaca, por impulsar acciones que fortalecen la cultura organizacional y el bienestar del talento humano.<\/p>\n<p>Asimismo, se resalt\u00f3 el respaldo de la Alcald\u00eda de Yantzaza, liderada por la alcaldesa Mar\u00eda Lalangui, cuya gesti\u00f3n ha permitido la implementaci\u00f3n y permanencia del proyecto Centro de Atenci\u00f3n Integral a V\u00edctimas de Violencia Mujer de Luz en el cant\u00f3n, consolidando espacios de apoyo y protecci\u00f3n para la comunidad.<\/p>\n<p>Las instituciones involucradas reiteraron su compromiso de continuar articulando esfuerzos en favor de la prevenci\u00f3n de la violencia y la construcci\u00f3n de relaciones laborales basadas en el respeto, la equidad y los derechos humanos.<\/p>\n","protected":false},"excerpt":{"rendered":"<p>Este jueves 22 de enero de 2026, varios gestores de los Derechos Humanos del Centro de Atenci\u00f3n Integral a V\u00edctimas de Violencia Mujer de Luz, del cant\u00f3n Yantzaza, participaron en una jornada de transferencia de conocimientos orientada al fortalecimiento de las relaciones laborales y a la prevenci\u00f3n de la violencia en el \u00e1mbito institucional. La [&hellip;]<\/p>\n","protected":false},"author":1,"featured_media":18872,"comment_status":"open","ping_status":"open","sticky":false,"template":"","format":"standard","meta":{"footnotes":""},"categories":[9],"tags":[],"_links":{"self":[{"href":"https:\/\/infozamoraec.com\/index.php\/wp-json\/wp\/v2\/posts\/18871"}],"collection":[{"href":"https:\/\/infozamoraec.com\/index.php\/wp-json\/wp\/v2\/posts"}],"about":[{"href":"https:\/\/infozamoraec.com\/index.php\/wp-json\/wp\/v2\/types\/post"}],"author":[{"embeddable":true,"href":"https:\/\/infozamoraec.com\/index.php\/wp-json\/wp\/v2\/users\/1"}],"replies":[{"embeddable":true,"href":"https:\/\/infozamoraec.com\/index.php\/wp-json\/wp\/v2\/comments?post=18871"}],"version-history":[{"count":1,"href":"https:\/\/infozamoraec.com\/index.php\/wp-json\/wp\/v2\/posts\/18871\/revisions"}],"predecessor-version":[{"id":18873,"href":"https:\/\/infozamoraec.com\/index.php\/wp-json\/wp\/v2\/posts\/18871\/revisions\/18873"}],"wp:featuredmedia":[{"embeddable":true,"href":"https:\/\/infozamoraec.com\/index.php\/wp-json\/wp\/v2\/media\/18872"}],"wp:attachment":[{"href":"https:\/\/infozamoraec.com\/index.php\/wp-json\/wp\/v2\/media?parent=18871"}],"wp:term":[{"taxonomy":"category","embeddable":true,"href":"https:\/\/infozamoraec.com\/index.php\/wp-json\/wp\/v2\/categories?post=18871"},{"taxonomy":"post_tag","embeddable":true,"href":"https:\/\/infozamoraec.com\/index.php\/wp-json\/wp\/v2\/tags?post=18871"}],"curies":[{"name":"wp","href":"https:\/\/api.w.org\/{rel}","templated":true}]}}