{"id":18863,"date":"2026-01-22T02:59:08","date_gmt":"2026-01-22T02:59:08","guid":{"rendered":"https:\/\/infozamoraec.com\/?p=18863"},"modified":"2026-01-22T02:59:08","modified_gmt":"2026-01-22T02:59:08","slug":"gad-de-palanda-continua-con-la-entrega-de-kits-alimenticios-a-grupos-de-atencion-prioritaria","status":"publish","type":"post","link":"https:\/\/infozamoraec.com\/index.php\/2026\/01\/22\/gad-de-palanda-continua-con-la-entrega-de-kits-alimenticios-a-grupos-de-atencion-prioritaria\/","title":{"rendered":"GAD de Palanda contin\u00faa con la entrega de kits alimenticios a grupos de atenci\u00f3n prioritaria"},"content":{"rendered":"<p data-start=\"98\" data-end=\"319\">El Gobierno Aut\u00f3nomo Descentralizado del cant\u00f3n Palanda cumpli\u00f3 este martes 20 de enero de 2026 con la entrega de varios kits de alimentos destinados a personas que forman parte de los grupos de atenci\u00f3n prioritaria del cant\u00f3n.<\/p>\n<p data-start=\"321\" data-end=\"606\">La jornada se desarroll\u00f3 en las comunidades de Santa Clara y La Canela, donde se benefici\u00f3 a adultos mayores, personas con discapacidad, ciudadanos con enfermedades catastr\u00f3ficas y usuarios del programa Creciendo con Nuestros Hijos (CNH) que residen en estos sectores y zonas aleda\u00f1as.<\/p>\n<p data-start=\"608\" data-end=\"856\">Seg\u00fan inform\u00f3 el GAD cantonal, esta iniciativa tiene como objetivo contribuir al bienestar y la seguridad alimentaria de las familias m\u00e1s vulnerables, como parte de las acciones de apoyo social que se ejecutan de manera permanente en el territorio.<\/p>\n<p data-start=\"858\" data-end=\"1074\" data-is-last-node=\"\" data-is-only-node=\"\">Las autoridades municipales se\u00f1alaron que la entrega de kits alimenticios continuar\u00e1 en otros sectores del cant\u00f3n durante los pr\u00f3ximos d\u00edas, para lo cual se dar\u00e1 a conocer oportunamente el cronograma correspondiente.<\/p>\n","protected":false},"excerpt":{"rendered":"<p>El Gobierno Aut\u00f3nomo Descentralizado del cant\u00f3n Palanda cumpli\u00f3 este martes 20 de enero de 2026 con la entrega de varios kits de alimentos destinados a personas que forman parte de los grupos de atenci\u00f3n prioritaria del cant\u00f3n. La jornada se desarroll\u00f3 en las comunidades de Santa Clara y La Canela, donde se benefici\u00f3 a adultos [&hellip;]<\/p>\n","protected":false},"author":1,"featured_media":18864,"comment_status":"open","ping_status":"open","sticky":false,"template":"","format":"standard","meta":{"footnotes":""},"categories":[9],"tags":[],"_links":{"self":[{"href":"https:\/\/infozamoraec.com\/index.php\/wp-json\/wp\/v2\/posts\/18863"}],"collection":[{"href":"https:\/\/infozamoraec.com\/index.php\/wp-json\/wp\/v2\/posts"}],"about":[{"href":"https:\/\/infozamoraec.com\/index.php\/wp-json\/wp\/v2\/types\/post"}],"author":[{"embeddable":true,"href":"https:\/\/infozamoraec.com\/index.php\/wp-json\/wp\/v2\/users\/1"}],"replies":[{"embeddable":true,"href":"https:\/\/infozamoraec.com\/index.php\/wp-json\/wp\/v2\/comments?post=18863"}],"version-history":[{"count":2,"href":"https:\/\/infozamoraec.com\/index.php\/wp-json\/wp\/v2\/posts\/18863\/revisions"}],"predecessor-version":[{"id":18866,"href":"https:\/\/infozamoraec.com\/index.php\/wp-json\/wp\/v2\/posts\/18863\/revisions\/18866"}],"wp:featuredmedia":[{"embeddable":true,"href":"https:\/\/infozamoraec.com\/index.php\/wp-json\/wp\/v2\/media\/18864"}],"wp:attachment":[{"href":"https:\/\/infozamoraec.com\/index.php\/wp-json\/wp\/v2\/media?parent=18863"}],"wp:term":[{"taxonomy":"category","embeddable":true,"href":"https:\/\/infozamoraec.com\/index.php\/wp-json\/wp\/v2\/categories?post=18863"},{"taxonomy":"post_tag","embeddable":true,"href":"https:\/\/infozamoraec.com\/index.php\/wp-json\/wp\/v2\/tags?post=18863"}],"curies":[{"name":"wp","href":"https:\/\/api.w.org\/{rel}","templated":true}]}}