{"id":18859,"date":"2026-01-22T02:52:58","date_gmt":"2026-01-22T02:52:58","guid":{"rendered":"https:\/\/infozamoraec.com\/?p=18859"},"modified":"2026-01-22T02:52:58","modified_gmt":"2026-01-22T02:52:58","slug":"municipalidad-de-zamora-impulsa-mejoras-en-espacios-comunales-de-la-zona-rural","status":"publish","type":"post","link":"https:\/\/infozamoraec.com\/index.php\/2026\/01\/22\/municipalidad-de-zamora-impulsa-mejoras-en-espacios-comunales-de-la-zona-rural\/","title":{"rendered":"Municipalidad de Zamora impulsa mejoras en espacios comunales de la zona rural"},"content":{"rendered":"<p data-start=\"84\" data-end=\"506\">La Municipalidad de Zamora contin\u00faa ejecutando acciones orientadas al fortalecimiento de la infraestructura comunitaria en las parroquias rurales del cant\u00f3n. Este mi\u00e9rcoles 21 de enero, el alcalde Manuel Gonz\u00e1lez, junto a la concejala Yamilex Valladares, cumpli\u00f3 agenda en la parroquia La Victoria de Imbana, donde realiz\u00f3 una visita de verificaci\u00f3n a los trabajos de reconstrucci\u00f3n de la Casa Comunal del barrio El Tibio.<\/p>\n<p data-start=\"508\" data-end=\"791\">Durante el recorrido, las autoridades constataron el avance de las labores que permitir\u00e1n recuperar este espacio destinado a actividades sociales y comunitarias, con el objetivo de fortalecer la convivencia ciudadana y promover el desarrollo local en los sectores rurales del cant\u00f3n.<\/p>\n<p data-start=\"793\" data-end=\"1120\">Adem\u00e1s, como parte de esta jornada, el GAD Municipal de Zamora efectu\u00f3 la entrega de 400 metros lineales de tuber\u00eda corrugada al presidente de la parroquia La Victoria de Imbana, Vidal Chal\u00e1n, y a los moradores del barrio Tibio Alto. Este material ser\u00e1 utilizado para la construcci\u00f3n del sistema de alcantarillado sanitario del sector.<\/p>\n<p data-start=\"1122\" data-end=\"1495\" data-is-last-node=\"\" data-is-only-node=\"\">Seg\u00fan se inform\u00f3, esta intervenci\u00f3n busca mejorar las condiciones de salubridad, bienestar y calidad de vida de los habitantes, aportando a la soluci\u00f3n de necesidades b\u00e1sicas en la zona. La municipalidad reiter\u00f3 su compromiso de continuar trabajando en proyectos que fortalezcan los servicios y espacios comunales, especialmente en las parroquias rurales del cant\u00f3n Zamora.<\/p>\n","protected":false},"excerpt":{"rendered":"<p>La Municipalidad de Zamora contin\u00faa ejecutando acciones orientadas al fortalecimiento de la infraestructura comunitaria en las parroquias rurales del cant\u00f3n. Este mi\u00e9rcoles 21 de enero, el alcalde Manuel Gonz\u00e1lez, junto a la concejala Yamilex Valladares, cumpli\u00f3 agenda en la parroquia La Victoria de Imbana, donde realiz\u00f3 una visita de verificaci\u00f3n a los trabajos de reconstrucci\u00f3n [&hellip;]<\/p>\n","protected":false},"author":1,"featured_media":18860,"comment_status":"open","ping_status":"open","sticky":false,"template":"","format":"standard","meta":{"footnotes":""},"categories":[9],"tags":[],"_links":{"self":[{"href":"https:\/\/infozamoraec.com\/index.php\/wp-json\/wp\/v2\/posts\/18859"}],"collection":[{"href":"https:\/\/infozamoraec.com\/index.php\/wp-json\/wp\/v2\/posts"}],"about":[{"href":"https:\/\/infozamoraec.com\/index.php\/wp-json\/wp\/v2\/types\/post"}],"author":[{"embeddable":true,"href":"https:\/\/infozamoraec.com\/index.php\/wp-json\/wp\/v2\/users\/1"}],"replies":[{"embeddable":true,"href":"https:\/\/infozamoraec.com\/index.php\/wp-json\/wp\/v2\/comments?post=18859"}],"version-history":[{"count":2,"href":"https:\/\/infozamoraec.com\/index.php\/wp-json\/wp\/v2\/posts\/18859\/revisions"}],"predecessor-version":[{"id":18862,"href":"https:\/\/infozamoraec.com\/index.php\/wp-json\/wp\/v2\/posts\/18859\/revisions\/18862"}],"wp:featuredmedia":[{"embeddable":true,"href":"https:\/\/infozamoraec.com\/index.php\/wp-json\/wp\/v2\/media\/18860"}],"wp:attachment":[{"href":"https:\/\/infozamoraec.com\/index.php\/wp-json\/wp\/v2\/media?parent=18859"}],"wp:term":[{"taxonomy":"category","embeddable":true,"href":"https:\/\/infozamoraec.com\/index.php\/wp-json\/wp\/v2\/categories?post=18859"},{"taxonomy":"post_tag","embeddable":true,"href":"https:\/\/infozamoraec.com\/index.php\/wp-json\/wp\/v2\/tags?post=18859"}],"curies":[{"name":"wp","href":"https:\/\/api.w.org\/{rel}","templated":true}]}}