{"id":18856,"date":"2026-01-22T01:37:09","date_gmt":"2026-01-22T01:37:09","guid":{"rendered":"https:\/\/infozamoraec.com\/?p=18856"},"modified":"2026-01-22T01:37:09","modified_gmt":"2026-01-22T01:37:09","slug":"funder-y-gad-de-centinela-del-condor-suscriben-convenio-para-mejorar-el-sistema-de-agua-potable","status":"publish","type":"post","link":"https:\/\/infozamoraec.com\/index.php\/2026\/01\/22\/funder-y-gad-de-centinela-del-condor-suscriben-convenio-para-mejorar-el-sistema-de-agua-potable\/","title":{"rendered":"FUNDER y GAD de Centinela del C\u00f3ndor suscriben convenio para mejorar el sistema de agua potable"},"content":{"rendered":"<p data-start=\"133\" data-end=\"544\">El martes 20 de enero de 2026 se suscribi\u00f3 un convenio de cooperaci\u00f3n entre la Fundaci\u00f3n Educativa Monse\u00f1or C\u00e1ndido Rada (FUNDER) y el Gobierno Aut\u00f3nomo Descentralizado Municipal de Centinela del C\u00f3ndor, con el objetivo de ejecutar el proyecto de <em data-start=\"380\" data-end=\"491\">Mejoramiento integral del sistema de agua potable y gesti\u00f3n sostenible de la microcuenca de la quebrada Zumbi<\/em>, en ese cant\u00f3n de la provincia de Zamora Chinchipe.<\/p>\n<p data-start=\"546\" data-end=\"878\">El acuerdo establece una inversi\u00f3n conjunta destinada a fortalecer el acceso a agua potable de calidad y a proteger las fuentes h\u00eddricas del sector. FUNDER aportar\u00e1 el 85 % del financiamiento, equivalente a USD 62.468,83, mientras que el GAD Municipal de Centinela del C\u00f3ndor contribuir\u00e1 con el 15 %, correspondiente a USD 9.269,33.<\/p>\n<p data-start=\"880\" data-end=\"1177\">De acuerdo con lo informado, el proyecto contempla acciones orientadas a la mejora de la infraestructura del sistema de agua potable, as\u00ed como a la gesti\u00f3n sostenible de la microcuenca, promoviendo un manejo responsable de los recursos naturales y la conservaci\u00f3n de las fuentes de abastecimiento.<\/p>\n<p data-start=\"1179\" data-end=\"1437\">Las autoridades destacaron que esta iniciativa permitir\u00e1 garantizar mejores condiciones de salud y bienestar para las familias del cant\u00f3n, adem\u00e1s de fortalecer la sostenibilidad ambiental y asegurar el acceso al recurso h\u00eddrico para las futuras generaciones.<\/p>\n<p data-start=\"1439\" data-end=\"1672\" data-is-last-node=\"\" data-is-only-node=\"\">A decir de la\u00a0 Alcald\u00eda, con la suscripci\u00f3n de este convenio, FUNDER y el GAD Municipal de Centinela del C\u00f3ndor se ratifica el compromiso de trabajar de manera articulada en proyectos que contribuyan al desarrollo social, ambiental y productivo del territorio.<\/p>\n","protected":false},"excerpt":{"rendered":"<p>El martes 20 de enero de 2026 se suscribi\u00f3 un convenio de cooperaci\u00f3n entre la Fundaci\u00f3n Educativa Monse\u00f1or C\u00e1ndido Rada (FUNDER) y el Gobierno Aut\u00f3nomo Descentralizado Municipal de Centinela del C\u00f3ndor, con el objetivo de ejecutar el proyecto de Mejoramiento integral del sistema de agua potable y gesti\u00f3n sostenible de la microcuenca de la quebrada [&hellip;]<\/p>\n","protected":false},"author":1,"featured_media":18857,"comment_status":"open","ping_status":"open","sticky":false,"template":"","format":"standard","meta":{"footnotes":""},"categories":[9],"tags":[],"_links":{"self":[{"href":"https:\/\/infozamoraec.com\/index.php\/wp-json\/wp\/v2\/posts\/18856"}],"collection":[{"href":"https:\/\/infozamoraec.com\/index.php\/wp-json\/wp\/v2\/posts"}],"about":[{"href":"https:\/\/infozamoraec.com\/index.php\/wp-json\/wp\/v2\/types\/post"}],"author":[{"embeddable":true,"href":"https:\/\/infozamoraec.com\/index.php\/wp-json\/wp\/v2\/users\/1"}],"replies":[{"embeddable":true,"href":"https:\/\/infozamoraec.com\/index.php\/wp-json\/wp\/v2\/comments?post=18856"}],"version-history":[{"count":1,"href":"https:\/\/infozamoraec.com\/index.php\/wp-json\/wp\/v2\/posts\/18856\/revisions"}],"predecessor-version":[{"id":18858,"href":"https:\/\/infozamoraec.com\/index.php\/wp-json\/wp\/v2\/posts\/18856\/revisions\/18858"}],"wp:featuredmedia":[{"embeddable":true,"href":"https:\/\/infozamoraec.com\/index.php\/wp-json\/wp\/v2\/media\/18857"}],"wp:attachment":[{"href":"https:\/\/infozamoraec.com\/index.php\/wp-json\/wp\/v2\/media?parent=18856"}],"wp:term":[{"taxonomy":"category","embeddable":true,"href":"https:\/\/infozamoraec.com\/index.php\/wp-json\/wp\/v2\/categories?post=18856"},{"taxonomy":"post_tag","embeddable":true,"href":"https:\/\/infozamoraec.com\/index.php\/wp-json\/wp\/v2\/tags?post=18856"}],"curies":[{"name":"wp","href":"https:\/\/api.w.org\/{rel}","templated":true}]}}