{"id":18824,"date":"2026-01-21T01:45:29","date_gmt":"2026-01-21T01:45:29","guid":{"rendered":"https:\/\/infozamoraec.com\/?p=18824"},"modified":"2026-01-21T01:47:38","modified_gmt":"2026-01-21T01:47:38","slug":"casa-de-la-cultura-de-zamora-chinchipe-participo-en-reunion-de-trabajo-en-la-secretaria-tecnica-de-la-amazonia","status":"publish","type":"post","link":"https:\/\/infozamoraec.com\/index.php\/2026\/01\/21\/casa-de-la-cultura-de-zamora-chinchipe-participo-en-reunion-de-trabajo-en-la-secretaria-tecnica-de-la-amazonia\/","title":{"rendered":"Casa de la Cultura de Zamora Chinchipe particip\u00f3 en reuni\u00f3n de trabajo en la Secretar\u00eda T\u00e9cnica de la Amazon\u00eda"},"content":{"rendered":"<p data-start=\"116\" data-end=\"451\">La Casa de la Cultura Ecuatoriana, N\u00facleo de Zamora Chinchipe, inform\u00f3 sobre la participaci\u00f3n de su Director en una reuni\u00f3n de trabajo desarrollada este lunes 19 de enero de 2026 en la Secretar\u00eda T\u00e9cnica de la Amazon\u00eda, con el objetivo de analizar y definir las l\u00edneas de postulaci\u00f3n para la presentaci\u00f3n de un proyecto amaz\u00f3nico en el \u00e1mbito cultural.<\/p>\n<p data-start=\"453\" data-end=\"845\">El encuentro se llev\u00f3 a cabo con la participaci\u00f3n de <strong class=\"Yjhzub\" data-processed=\"true\">Oswaldo Valverde, Ministro de la\u00a0 Amazon\u00eda\u00a0<\/strong> y se desarroll\u00f3 de manera articulada con la Casa de la Cultura Ecuatoriana, contando con el acompa\u00f1amiento de su presidente nacional, Fernando Cer\u00f3n. Asimismo, estuvo presente el director del N\u00facleo de Zamora Chinchipe, Jhamilton Mart\u00ednez, junto a representantes de los diferentes n\u00facleos de la regi\u00f3n amaz\u00f3nica.<\/p>\n<p data-start=\"847\" data-end=\"1163\">Seg\u00fan se inform\u00f3, el prop\u00f3sito central de este proceso es la construcci\u00f3n de un proyecto orientado a fortalecer las distintas manifestaciones art\u00edsticas en el territorio amaz\u00f3nico, promoviendo la identidad cultural, el trabajo conjunto entre instituciones y el desarrollo integral del arte y la cultura en la regi\u00f3n.<\/p>\n<p data-start=\"1165\" data-end=\"1391\" data-is-last-node=\"\" data-is-only-node=\"\">Desde la Casa de la Cultura se destac\u00f3 la importancia de estos espacios de di\u00e1logo y coordinaci\u00f3n interinstitucional, que permiten avanzar en la gesti\u00f3n cultural y generar propuestas en beneficio de las comunidades amaz\u00f3nicas.<\/p>\n","protected":false},"excerpt":{"rendered":"<p>La Casa de la Cultura Ecuatoriana, N\u00facleo de Zamora Chinchipe, inform\u00f3 sobre la participaci\u00f3n de su Director en una reuni\u00f3n de trabajo desarrollada este lunes 19 de enero de 2026 en la Secretar\u00eda T\u00e9cnica de la Amazon\u00eda, con el objetivo de analizar y definir las l\u00edneas de postulaci\u00f3n para la presentaci\u00f3n de un proyecto amaz\u00f3nico [&hellip;]<\/p>\n","protected":false},"author":1,"featured_media":18825,"comment_status":"open","ping_status":"open","sticky":false,"template":"","format":"standard","meta":{"footnotes":""},"categories":[9],"tags":[],"_links":{"self":[{"href":"https:\/\/infozamoraec.com\/index.php\/wp-json\/wp\/v2\/posts\/18824"}],"collection":[{"href":"https:\/\/infozamoraec.com\/index.php\/wp-json\/wp\/v2\/posts"}],"about":[{"href":"https:\/\/infozamoraec.com\/index.php\/wp-json\/wp\/v2\/types\/post"}],"author":[{"embeddable":true,"href":"https:\/\/infozamoraec.com\/index.php\/wp-json\/wp\/v2\/users\/1"}],"replies":[{"embeddable":true,"href":"https:\/\/infozamoraec.com\/index.php\/wp-json\/wp\/v2\/comments?post=18824"}],"version-history":[{"count":1,"href":"https:\/\/infozamoraec.com\/index.php\/wp-json\/wp\/v2\/posts\/18824\/revisions"}],"predecessor-version":[{"id":18826,"href":"https:\/\/infozamoraec.com\/index.php\/wp-json\/wp\/v2\/posts\/18824\/revisions\/18826"}],"wp:featuredmedia":[{"embeddable":true,"href":"https:\/\/infozamoraec.com\/index.php\/wp-json\/wp\/v2\/media\/18825"}],"wp:attachment":[{"href":"https:\/\/infozamoraec.com\/index.php\/wp-json\/wp\/v2\/media?parent=18824"}],"wp:term":[{"taxonomy":"category","embeddable":true,"href":"https:\/\/infozamoraec.com\/index.php\/wp-json\/wp\/v2\/categories?post=18824"},{"taxonomy":"post_tag","embeddable":true,"href":"https:\/\/infozamoraec.com\/index.php\/wp-json\/wp\/v2\/tags?post=18824"}],"curies":[{"name":"wp","href":"https:\/\/api.w.org\/{rel}","templated":true}]}}