{"id":18821,"date":"2026-01-21T01:33:57","date_gmt":"2026-01-21T01:33:57","guid":{"rendered":"https:\/\/infozamoraec.com\/?p=18821"},"modified":"2026-01-21T01:33:57","modified_gmt":"2026-01-21T01:33:57","slug":"avanza-el-proceso-para-la-implementacion-del-centro-de-retencion-vehicular-en-zamora","status":"publish","type":"post","link":"https:\/\/infozamoraec.com\/index.php\/2026\/01\/21\/avanza-el-proceso-para-la-implementacion-del-centro-de-retencion-vehicular-en-zamora\/","title":{"rendered":"Avanza el proceso para la implementaci\u00f3n del Centro de Retenci\u00f3n Vehicular en Zamora"},"content":{"rendered":"<p>La Polic\u00eda Nacional del Ecuador, en coordinaci\u00f3n con el Gobierno Aut\u00f3nomo Descentralizado Municipal de Zamora, avanzan en el di\u00e1logo para concretar la entrega en comodato de un predio destinado a la futura implementaci\u00f3n del Centro de Retenci\u00f3n Vehicular, infraestructura que permitir\u00e1 el resguardo y la custodia adecuada de veh\u00edculos siniestrados y retenidos por diferentes causas.<\/p>\n<p>De acuerdo con la informaci\u00f3n oficial, el terreno propuesto se encuentra ubicado en las afueras de la ciudad\u00a0 Zamora, lo que facilitar\u00e1 un mayor control, ordenamiento y seguridad de los automotores, adem\u00e1s de contribuir a la mejora del entorno urbano en sectores donde actualmente se mantienen veh\u00edculos estacionados de forma provisional.<\/p>\n<p>El proyecto cuenta con el respaldo y la predisposici\u00f3n del alcalde de Zamora y del Concejo Municipal, y est\u00e1 orientado a fortalecer la gesti\u00f3n del tr\u00e1nsito y la seguridad vial, con beneficios directos para los habitantes del cant\u00f3n y de toda la provincia de Zamora Chinchipe.<\/p>\n<p>Desde la Polic\u00eda Nacional se destac\u00f3 que esta iniciativa forma parte de un trabajo articulado entre instituciones, enfocado en optimizar los procesos de control vehicular y brindar mejores condiciones para la ciudadan\u00eda.<\/p>\n<p>La instituci\u00f3n reiter\u00f3 su compromiso de continuar coordinando acciones con las autoridades locales para promover el orden, la seguridad y el bienestar ciudadano.<\/p>\n","protected":false},"excerpt":{"rendered":"<p>La Polic\u00eda Nacional del Ecuador, en coordinaci\u00f3n con el Gobierno Aut\u00f3nomo Descentralizado Municipal de Zamora, avanzan en el di\u00e1logo para concretar la entrega en comodato de un predio destinado a la futura implementaci\u00f3n del Centro de Retenci\u00f3n Vehicular, infraestructura que permitir\u00e1 el resguardo y la custodia adecuada de veh\u00edculos siniestrados y retenidos por diferentes causas. [&hellip;]<\/p>\n","protected":false},"author":1,"featured_media":18822,"comment_status":"open","ping_status":"open","sticky":false,"template":"","format":"standard","meta":{"footnotes":""},"categories":[9],"tags":[],"_links":{"self":[{"href":"https:\/\/infozamoraec.com\/index.php\/wp-json\/wp\/v2\/posts\/18821"}],"collection":[{"href":"https:\/\/infozamoraec.com\/index.php\/wp-json\/wp\/v2\/posts"}],"about":[{"href":"https:\/\/infozamoraec.com\/index.php\/wp-json\/wp\/v2\/types\/post"}],"author":[{"embeddable":true,"href":"https:\/\/infozamoraec.com\/index.php\/wp-json\/wp\/v2\/users\/1"}],"replies":[{"embeddable":true,"href":"https:\/\/infozamoraec.com\/index.php\/wp-json\/wp\/v2\/comments?post=18821"}],"version-history":[{"count":1,"href":"https:\/\/infozamoraec.com\/index.php\/wp-json\/wp\/v2\/posts\/18821\/revisions"}],"predecessor-version":[{"id":18823,"href":"https:\/\/infozamoraec.com\/index.php\/wp-json\/wp\/v2\/posts\/18821\/revisions\/18823"}],"wp:featuredmedia":[{"embeddable":true,"href":"https:\/\/infozamoraec.com\/index.php\/wp-json\/wp\/v2\/media\/18822"}],"wp:attachment":[{"href":"https:\/\/infozamoraec.com\/index.php\/wp-json\/wp\/v2\/media?parent=18821"}],"wp:term":[{"taxonomy":"category","embeddable":true,"href":"https:\/\/infozamoraec.com\/index.php\/wp-json\/wp\/v2\/categories?post=18821"},{"taxonomy":"post_tag","embeddable":true,"href":"https:\/\/infozamoraec.com\/index.php\/wp-json\/wp\/v2\/tags?post=18821"}],"curies":[{"name":"wp","href":"https:\/\/api.w.org\/{rel}","templated":true}]}}