{"id":18759,"date":"2026-01-17T03:30:37","date_gmt":"2026-01-17T03:30:37","guid":{"rendered":"https:\/\/infozamoraec.com\/?p=18759"},"modified":"2026-01-17T03:30:37","modified_gmt":"2026-01-17T03:30:37","slug":"operativo-preventivo-refuerza-la-seguridad-en-unidad-educativa-de-zamora","status":"publish","type":"post","link":"https:\/\/infozamoraec.com\/index.php\/2026\/01\/17\/operativo-preventivo-refuerza-la-seguridad-en-unidad-educativa-de-zamora\/","title":{"rendered":"Operativo preventivo refuerza la seguridad en unidad educativa de Zamora"},"content":{"rendered":"<p class=\"isSelectedEnd\">Con el objetivo de garantizar la seguridad y el bienestar integral de la comunidad educativa, este <strong>viernes 16 de enero de 2026<\/strong> se ejecut\u00f3 un operativo de control preventivo en la Unidad Educativa Fiscomisional <em>San Francisco de As\u00eds<\/em>, ubicada en la ciudad de Zamora.<\/p>\n<p class=\"isSelectedEnd\">La intervenci\u00f3n se desarroll\u00f3 desde las 07h00 y se efectu\u00f3 de manera interinstitucional. Durante la jornada se realiz\u00f3 la revisi\u00f3n de mochilas y pertenencias, conforme a los protocolos de seguridad vigentes, con el fin de prevenir el porte de armas, objetos peligrosos o sustancias sujetas a fiscalizaci\u00f3n dentro del establecimiento educativo.<\/p>\n<p class=\"isSelectedEnd\">Las autoridades informaron que el procedimiento se ejecut\u00f3 con estricto respeto a los derechos de los estudiantes y bajo un enfoque preventivo, orientado a fortalecer entornos escolares seguros y promover una convivencia arm\u00f3nica.<\/p>\n<p class=\"isSelectedEnd\">Rosa Sinche, directora del Distrito Educativo 19D01 Yacuambi\u2013Zamora del Ministerio de Educaci\u00f3n, destac\u00f3 la importancia del trabajo articulado entre las instituciones para proteger la integridad f\u00edsica y socioemocional de los estudiantes, as\u00ed como brindar mayor tranquilidad a padres de familia y docentes.<\/p>\n<p>Desde las entidades participantes se reiter\u00f3 el compromiso de continuar desarrollando acciones preventivas en las unidades educativas del distrito, como parte de una estrategia integral para fortalecer la seguridad y el bienestar de la comunidad educativa.<\/p>\n","protected":false},"excerpt":{"rendered":"<p>Con el objetivo de garantizar la seguridad y el bienestar integral de la comunidad educativa, este viernes 16 de enero de 2026 se ejecut\u00f3 un operativo de control preventivo en la Unidad Educativa Fiscomisional San Francisco de As\u00eds, ubicada en la ciudad de Zamora. La intervenci\u00f3n se desarroll\u00f3 desde las 07h00 y se efectu\u00f3 de [&hellip;]<\/p>\n","protected":false},"author":1,"featured_media":18760,"comment_status":"open","ping_status":"open","sticky":false,"template":"","format":"standard","meta":{"footnotes":""},"categories":[9],"tags":[],"_links":{"self":[{"href":"https:\/\/infozamoraec.com\/index.php\/wp-json\/wp\/v2\/posts\/18759"}],"collection":[{"href":"https:\/\/infozamoraec.com\/index.php\/wp-json\/wp\/v2\/posts"}],"about":[{"href":"https:\/\/infozamoraec.com\/index.php\/wp-json\/wp\/v2\/types\/post"}],"author":[{"embeddable":true,"href":"https:\/\/infozamoraec.com\/index.php\/wp-json\/wp\/v2\/users\/1"}],"replies":[{"embeddable":true,"href":"https:\/\/infozamoraec.com\/index.php\/wp-json\/wp\/v2\/comments?post=18759"}],"version-history":[{"count":1,"href":"https:\/\/infozamoraec.com\/index.php\/wp-json\/wp\/v2\/posts\/18759\/revisions"}],"predecessor-version":[{"id":18761,"href":"https:\/\/infozamoraec.com\/index.php\/wp-json\/wp\/v2\/posts\/18759\/revisions\/18761"}],"wp:featuredmedia":[{"embeddable":true,"href":"https:\/\/infozamoraec.com\/index.php\/wp-json\/wp\/v2\/media\/18760"}],"wp:attachment":[{"href":"https:\/\/infozamoraec.com\/index.php\/wp-json\/wp\/v2\/media?parent=18759"}],"wp:term":[{"taxonomy":"category","embeddable":true,"href":"https:\/\/infozamoraec.com\/index.php\/wp-json\/wp\/v2\/categories?post=18759"},{"taxonomy":"post_tag","embeddable":true,"href":"https:\/\/infozamoraec.com\/index.php\/wp-json\/wp\/v2\/tags?post=18759"}],"curies":[{"name":"wp","href":"https:\/\/api.w.org\/{rel}","templated":true}]}}