{"id":18727,"date":"2026-01-17T01:35:20","date_gmt":"2026-01-17T01:35:20","guid":{"rendered":"https:\/\/infozamoraec.com\/?p=18727"},"modified":"2026-01-17T01:35:20","modified_gmt":"2026-01-17T01:35:20","slug":"minga-comunitaria-recupera-espacios-publicos-en-el-barrio-jorge-mosquera","status":"publish","type":"post","link":"https:\/\/infozamoraec.com\/index.php\/2026\/01\/17\/minga-comunitaria-recupera-espacios-publicos-en-el-barrio-jorge-mosquera\/","title":{"rendered":"Minga comunitaria recupera espacios p\u00fablicos en el barrio Jorge Mosquera"},"content":{"rendered":"<p class=\"isSelectedEnd\">Moradores del barrio Jorge Mosquera, pertenecientes a la calle 10 de Noviembre, de la ciudad de\u00a0 Zamora, realizaron una minga comunitaria para la recuperaci\u00f3n de espacios p\u00fablicos, en coordinaci\u00f3n con la Polic\u00eda Nacional del Ecuador, el Ej\u00e9rcito Ecuatoriano y la Defensor\u00eda del Pueblo, con el objetivo de fortalecer la seguridad, el orden y la convivencia ciudadana en el sector.<\/p>\n<p class=\"isSelectedEnd\">Durante la jornada se ejecutaron trabajos de control de maleza en los alrededores de la cancha cubierta del sector, as\u00ed como una limpieza integral de este espacio deportivo, que es utilizado de manera permanente por ni\u00f1os y j\u00f3venes para la pr\u00e1ctica de actividades f\u00edsicas y donde, adem\u00e1s, se desarrollan actividades terap\u00e9uticas como la bailoterapia.<\/p>\n<p class=\"isSelectedEnd\">Las acciones articuladas entre la ciudadan\u00eda y\u00a0 las autoridades permitieron el adecentamiento y la recuperaci\u00f3n de un espacio destinado al sano esparcimiento de las familias del barrio.<\/p>\n<p class=\"isSelectedEnd\">Andrea Rivadeneira, funcionaria de la Defensor\u00eda del Pueblo, destac\u00f3 la importancia del trabajo conjunto para mejorar las\u00a0 condiciones de vida\u00a0 de los ciudadanos.<\/p>\n<p class=\"isSelectedEnd\">El presidente del barrio, Meysner Gordillo,\u00a0 agradeci\u00f3 la colaboraci\u00f3n interinstitucional\u00a0 y convoc\u00f3 a la\u00a0 ciudadan\u00eda\u00a0 a sumarse a este tipo de iniciativas\u00a0 a fin de lograr una\u00a0 ciudad m\u00e1s\u00a0 atractiva y segura.<\/p>\n<p>Las instituciones participantes destacaron que este tipo de acciones contribuyen a la prevenci\u00f3n de riesgos, promueven el uso adecuado de los espacios p\u00fablicos y fortalecen el tejido social, reafirmando el compromiso de trabajar de manera conjunta con la comunidad para generar entornos seguros y propicios para la convivencia ciudadana.<\/p>\n","protected":false},"excerpt":{"rendered":"<p>Moradores del barrio Jorge Mosquera, pertenecientes a la calle 10 de Noviembre, de la ciudad de\u00a0 Zamora, realizaron una minga comunitaria para la recuperaci\u00f3n de espacios p\u00fablicos, en coordinaci\u00f3n con la Polic\u00eda Nacional del Ecuador, el Ej\u00e9rcito Ecuatoriano y la Defensor\u00eda del Pueblo, con el objetivo de fortalecer la seguridad, el orden y la convivencia [&hellip;]<\/p>\n","protected":false},"author":1,"featured_media":18728,"comment_status":"open","ping_status":"open","sticky":false,"template":"","format":"standard","meta":{"footnotes":""},"categories":[9],"tags":[],"_links":{"self":[{"href":"https:\/\/infozamoraec.com\/index.php\/wp-json\/wp\/v2\/posts\/18727"}],"collection":[{"href":"https:\/\/infozamoraec.com\/index.php\/wp-json\/wp\/v2\/posts"}],"about":[{"href":"https:\/\/infozamoraec.com\/index.php\/wp-json\/wp\/v2\/types\/post"}],"author":[{"embeddable":true,"href":"https:\/\/infozamoraec.com\/index.php\/wp-json\/wp\/v2\/users\/1"}],"replies":[{"embeddable":true,"href":"https:\/\/infozamoraec.com\/index.php\/wp-json\/wp\/v2\/comments?post=18727"}],"version-history":[{"count":1,"href":"https:\/\/infozamoraec.com\/index.php\/wp-json\/wp\/v2\/posts\/18727\/revisions"}],"predecessor-version":[{"id":18729,"href":"https:\/\/infozamoraec.com\/index.php\/wp-json\/wp\/v2\/posts\/18727\/revisions\/18729"}],"wp:featuredmedia":[{"embeddable":true,"href":"https:\/\/infozamoraec.com\/index.php\/wp-json\/wp\/v2\/media\/18728"}],"wp:attachment":[{"href":"https:\/\/infozamoraec.com\/index.php\/wp-json\/wp\/v2\/media?parent=18727"}],"wp:term":[{"taxonomy":"category","embeddable":true,"href":"https:\/\/infozamoraec.com\/index.php\/wp-json\/wp\/v2\/categories?post=18727"},{"taxonomy":"post_tag","embeddable":true,"href":"https:\/\/infozamoraec.com\/index.php\/wp-json\/wp\/v2\/tags?post=18727"}],"curies":[{"name":"wp","href":"https:\/\/api.w.org\/{rel}","templated":true}]}}