{"id":18689,"date":"2026-01-16T01:38:21","date_gmt":"2026-01-16T01:38:21","guid":{"rendered":"https:\/\/infozamoraec.com\/?p=18689"},"modified":"2026-01-16T01:38:21","modified_gmt":"2026-01-16T01:38:21","slug":"gad-de-palanda-inicia-entrega-de-kits-de-alimentos-a-grupos-de-atencion-prioritaria","status":"publish","type":"post","link":"https:\/\/infozamoraec.com\/index.php\/2026\/01\/16\/gad-de-palanda-inicia-entrega-de-kits-de-alimentos-a-grupos-de-atencion-prioritaria\/","title":{"rendered":"GAD de Palanda inicia entrega de kits de alimentos a grupos de atenci\u00f3n prioritaria"},"content":{"rendered":"<p data-start=\"89\" data-end=\"339\">El Gobierno Aut\u00f3nomo Descentralizado Municipal\u00a0 (GAD) del cant\u00f3n Palanda inici\u00f3 este mi\u00e9rcoles 14 de enero de 2026 la entrega de kits de alimentos dirigidos a personas pertenecientes a los grupos de atenci\u00f3n prioritaria del cant\u00f3n.<\/p>\n<p data-start=\"341\" data-end=\"686\">La jornada se desarroll\u00f3 en el barrio Pucar\u00f3n perteneciente a la cabecera cantonal y en la parroquia Valladolid, donde se benefici\u00f3 a varios\u00a0 adultos mayores, personas con discapacidad, ciudadanos con enfermedades catastr\u00f3ficas, mujeres en estado de gestaci\u00f3n y usuarios del programa Creciendo con Nuestros Hijos (CNH) que residen en estos sectores y zonas aleda\u00f1as.<\/p>\n<p data-start=\"688\" data-end=\"890\">Seg\u00fan inform\u00f3 el GAD cantonal, esta acci\u00f3n forma parte de las pol\u00edticas de atenci\u00f3n social orientadas a apoyar a la poblaci\u00f3n en situaci\u00f3n de vulnerabilidad y a garantizar el acceso a alimentos b\u00e1sicos.<\/p>\n<p data-start=\"892\" data-end=\"1159\" data-is-last-node=\"\" data-is-only-node=\"\">Las autoridades se\u00f1alaron que en los pr\u00f3ximos d\u00edas la entrega de los kits continuar\u00e1 en otros sectores del cant\u00f3n Palanda, para lo cual se dar\u00e1 a conocer oportunamente el cronograma correspondiente, con el fin de asegurar una cobertura equitativa a los beneficiarios.<\/p>\n","protected":false},"excerpt":{"rendered":"<p>El Gobierno Aut\u00f3nomo Descentralizado Municipal\u00a0 (GAD) del cant\u00f3n Palanda inici\u00f3 este mi\u00e9rcoles 14 de enero de 2026 la entrega de kits de alimentos dirigidos a personas pertenecientes a los grupos de atenci\u00f3n prioritaria del cant\u00f3n. La jornada se desarroll\u00f3 en el barrio Pucar\u00f3n perteneciente a la cabecera cantonal y en la parroquia Valladolid, donde se [&hellip;]<\/p>\n","protected":false},"author":1,"featured_media":18690,"comment_status":"open","ping_status":"open","sticky":false,"template":"","format":"standard","meta":{"footnotes":""},"categories":[9],"tags":[],"_links":{"self":[{"href":"https:\/\/infozamoraec.com\/index.php\/wp-json\/wp\/v2\/posts\/18689"}],"collection":[{"href":"https:\/\/infozamoraec.com\/index.php\/wp-json\/wp\/v2\/posts"}],"about":[{"href":"https:\/\/infozamoraec.com\/index.php\/wp-json\/wp\/v2\/types\/post"}],"author":[{"embeddable":true,"href":"https:\/\/infozamoraec.com\/index.php\/wp-json\/wp\/v2\/users\/1"}],"replies":[{"embeddable":true,"href":"https:\/\/infozamoraec.com\/index.php\/wp-json\/wp\/v2\/comments?post=18689"}],"version-history":[{"count":1,"href":"https:\/\/infozamoraec.com\/index.php\/wp-json\/wp\/v2\/posts\/18689\/revisions"}],"predecessor-version":[{"id":18691,"href":"https:\/\/infozamoraec.com\/index.php\/wp-json\/wp\/v2\/posts\/18689\/revisions\/18691"}],"wp:featuredmedia":[{"embeddable":true,"href":"https:\/\/infozamoraec.com\/index.php\/wp-json\/wp\/v2\/media\/18690"}],"wp:attachment":[{"href":"https:\/\/infozamoraec.com\/index.php\/wp-json\/wp\/v2\/media?parent=18689"}],"wp:term":[{"taxonomy":"category","embeddable":true,"href":"https:\/\/infozamoraec.com\/index.php\/wp-json\/wp\/v2\/categories?post=18689"},{"taxonomy":"post_tag","embeddable":true,"href":"https:\/\/infozamoraec.com\/index.php\/wp-json\/wp\/v2\/tags?post=18689"}],"curies":[{"name":"wp","href":"https:\/\/api.w.org\/{rel}","templated":true}]}}