{"id":18658,"date":"2026-01-15T02:16:57","date_gmt":"2026-01-15T02:16:57","guid":{"rendered":"https:\/\/infozamoraec.com\/?p=18658"},"modified":"2026-01-15T02:16:57","modified_gmt":"2026-01-15T02:16:57","slug":"aprueban-inversion-para-la-intervencion-del-centro-historico-de-paquisha","status":"publish","type":"post","link":"https:\/\/infozamoraec.com\/index.php\/2026\/01\/15\/aprueban-inversion-para-la-intervencion-del-centro-historico-de-paquisha\/","title":{"rendered":"Aprueban inversi\u00f3n para la intervenci\u00f3n del Centro Hist\u00f3rico de Paquisha"},"content":{"rendered":"<p data-start=\"104\" data-end=\"440\">\u00a0M\u00e1s de dos millones de d\u00f3lares ser\u00e1n invertidos en el proyecto de intervenci\u00f3n del Centro Hist\u00f3rico del cant\u00f3n Paquisha, una obra que ser\u00e1 financiada con recursos no reembolsables de la Secretar\u00eda T\u00e9cnica de la Circunscripci\u00f3n Territorial Amaz\u00f3nica, inform\u00f3 el Gobierno Aut\u00f3nomo Descentralizado Municipal.<\/p>\n<p data-start=\"442\" data-end=\"833\">De acuerdo con la informaci\u00f3n oficial, el proyecto contar\u00e1 con una asignaci\u00f3n de USD 2.327.000 provenientes de la Secretar\u00eda T\u00e9cnica de la Amazon\u00eda, a los que se sumar\u00e1 un aporte municipal de USD 486.000, lo que eleva la inversi\u00f3n total a aproximadamente USD 2,8 millones. La iniciativa busca fortalecer la identidad cultural, dinamizar el turismo y promover el desarrollo urbano del cant\u00f3n.<\/p>\n<p data-start=\"835\" data-end=\"1182\">El alcalde de Paquisha, Paul Rodr\u00edguez, destac\u00f3 que se trata de la primera ocasi\u00f3n en la que el cant\u00f3n accede a un financiamiento de esta magnitud con fondos no reembolsables. Se\u00f1al\u00f3 que el proyecto se viene gestionando desde el a\u00f1o 2023, mediante un proceso sostenido de articulaci\u00f3n institucional ante distintas instancias del Gobierno Nacional.<\/p>\n<p data-start=\"1184\" data-end=\"1509\">La autoridad municipal agradeci\u00f3 el respaldo del Ministerio de la Amazon\u00eda y resalt\u00f3 la voluntad pol\u00edtica que permiti\u00f3 concretar la aprobaci\u00f3n del proyecto, el cual contempla la construcci\u00f3n y adecuaci\u00f3n de espacios destinados a actividades comerciales, tur\u00edsticas y culturales, con el objetivo de impulsar la econom\u00eda local.<\/p>\n<p data-start=\"1511\" data-end=\"1783\">Seg\u00fan lo previsto, la intervenci\u00f3n del Centro Hist\u00f3rico permitir\u00e1 contar con \u00e1reas para arrendamiento y escenarios adecuados para la realizaci\u00f3n de eventos c\u00edvicos y culturales, entre ellos la conmemoraci\u00f3n anual del 28 de enero, fecha emblem\u00e1tica para el cant\u00f3n Paquisha.<\/p>\n<p data-start=\"1785\" data-end=\"1988\" data-is-last-node=\"\" data-is-only-node=\"\">Desde el Municipio se inform\u00f3 que en los pr\u00f3ximos meses se dar\u00e1n a conocer los detalles t\u00e9cnicos y el cronograma de ejecuci\u00f3n de esta obra, considerada estrat\u00e9gica para el desarrollo integral del cant\u00f3n.<\/p>\n","protected":false},"excerpt":{"rendered":"<p>\u00a0M\u00e1s de dos millones de d\u00f3lares ser\u00e1n invertidos en el proyecto de intervenci\u00f3n del Centro Hist\u00f3rico del cant\u00f3n Paquisha, una obra que ser\u00e1 financiada con recursos no reembolsables de la Secretar\u00eda T\u00e9cnica de la Circunscripci\u00f3n Territorial Amaz\u00f3nica, inform\u00f3 el Gobierno Aut\u00f3nomo Descentralizado Municipal. De acuerdo con la informaci\u00f3n oficial, el proyecto contar\u00e1 con una asignaci\u00f3n [&hellip;]<\/p>\n","protected":false},"author":1,"featured_media":18659,"comment_status":"open","ping_status":"open","sticky":false,"template":"","format":"standard","meta":{"footnotes":""},"categories":[9],"tags":[],"_links":{"self":[{"href":"https:\/\/infozamoraec.com\/index.php\/wp-json\/wp\/v2\/posts\/18658"}],"collection":[{"href":"https:\/\/infozamoraec.com\/index.php\/wp-json\/wp\/v2\/posts"}],"about":[{"href":"https:\/\/infozamoraec.com\/index.php\/wp-json\/wp\/v2\/types\/post"}],"author":[{"embeddable":true,"href":"https:\/\/infozamoraec.com\/index.php\/wp-json\/wp\/v2\/users\/1"}],"replies":[{"embeddable":true,"href":"https:\/\/infozamoraec.com\/index.php\/wp-json\/wp\/v2\/comments?post=18658"}],"version-history":[{"count":1,"href":"https:\/\/infozamoraec.com\/index.php\/wp-json\/wp\/v2\/posts\/18658\/revisions"}],"predecessor-version":[{"id":18660,"href":"https:\/\/infozamoraec.com\/index.php\/wp-json\/wp\/v2\/posts\/18658\/revisions\/18660"}],"wp:featuredmedia":[{"embeddable":true,"href":"https:\/\/infozamoraec.com\/index.php\/wp-json\/wp\/v2\/media\/18659"}],"wp:attachment":[{"href":"https:\/\/infozamoraec.com\/index.php\/wp-json\/wp\/v2\/media?parent=18658"}],"wp:term":[{"taxonomy":"category","embeddable":true,"href":"https:\/\/infozamoraec.com\/index.php\/wp-json\/wp\/v2\/categories?post=18658"},{"taxonomy":"post_tag","embeddable":true,"href":"https:\/\/infozamoraec.com\/index.php\/wp-json\/wp\/v2\/tags?post=18658"}],"curies":[{"name":"wp","href":"https:\/\/api.w.org\/{rel}","templated":true}]}}