{"id":18655,"date":"2026-01-15T02:11:23","date_gmt":"2026-01-15T02:11:23","guid":{"rendered":"https:\/\/infozamoraec.com\/?p=18655"},"modified":"2026-01-15T02:11:23","modified_gmt":"2026-01-15T02:11:23","slug":"operativo-interinstitucional-refuerza-la-seguridad-en-unidades-educativas-de-yantzaza","status":"publish","type":"post","link":"https:\/\/infozamoraec.com\/index.php\/2026\/01\/15\/operativo-interinstitucional-refuerza-la-seguridad-en-unidades-educativas-de-yantzaza\/","title":{"rendered":"Operativo interinstitucional refuerza la seguridad en unidades educativas de Yantzaza"},"content":{"rendered":"<p data-start=\"91\" data-end=\"422\">Con el objetivo de fortalecer la seguridad ciudadana y prevenir hechos delictivos, la Polic\u00eda Nacional del Ecuador, a trav\u00e9s del Distrito Yantzaza, ejecut\u00f3 un operativo ordinario interinstitucional en varias unidades educativas del cant\u00f3n, enfocado en la protecci\u00f3n de ni\u00f1os, ni\u00f1as y adolescentes.<\/p>\n<p data-start=\"424\" data-end=\"858\">Durante la intervenci\u00f3n se realizaron registros preventivos y revisi\u00f3n de mochilas, adem\u00e1s de controles a estudiantes que se movilizaban en motocicletas, verificando la documentaci\u00f3n habilitante y el cumplimiento de las normas de seguridad vial. Estas acciones se desarrollaron en coordinaci\u00f3n con las autoridades educativas y se ejecutaron bajo los principios de legalidad, proporcionalidad y respeto a los derechos constitucionales.<\/p>\n<p data-start=\"860\" data-end=\"1236\">El operativo cont\u00f3 con la participaci\u00f3n conjunta de la Polic\u00eda Nacional, el Ej\u00e9rcito Ecuatoriano, la Polic\u00eda Judicial, la Comisar\u00eda de Polic\u00eda y representantes del sector educativo. Seg\u00fan la informaci\u00f3n oficial, la jornada se cumpli\u00f3 sin novedades, permitiendo disuadir conductas de riesgo y reforzar la presencia preventiva de las fuerzas del orden en los entornos escolares.<\/p>\n<p data-start=\"1238\" data-end=\"1516\" data-is-last-node=\"\" data-is-only-node=\"\">La Polic\u00eda Nacional del Ecuador reiter\u00f3 su compromiso de garantizar espacios seguros y una convivencia pac\u00edfica en las instituciones educativas, mediante el trabajo articulado con otras entidades del Estado y la comunidad, en beneficio de la seguridad integral de la ciudadan\u00eda.<\/p>\n","protected":false},"excerpt":{"rendered":"<p>Con el objetivo de fortalecer la seguridad ciudadana y prevenir hechos delictivos, la Polic\u00eda Nacional del Ecuador, a trav\u00e9s del Distrito Yantzaza, ejecut\u00f3 un operativo ordinario interinstitucional en varias unidades educativas del cant\u00f3n, enfocado en la protecci\u00f3n de ni\u00f1os, ni\u00f1as y adolescentes. Durante la intervenci\u00f3n se realizaron registros preventivos y revisi\u00f3n de mochilas, adem\u00e1s de [&hellip;]<\/p>\n","protected":false},"author":1,"featured_media":18656,"comment_status":"open","ping_status":"open","sticky":false,"template":"","format":"standard","meta":{"footnotes":""},"categories":[9],"tags":[],"_links":{"self":[{"href":"https:\/\/infozamoraec.com\/index.php\/wp-json\/wp\/v2\/posts\/18655"}],"collection":[{"href":"https:\/\/infozamoraec.com\/index.php\/wp-json\/wp\/v2\/posts"}],"about":[{"href":"https:\/\/infozamoraec.com\/index.php\/wp-json\/wp\/v2\/types\/post"}],"author":[{"embeddable":true,"href":"https:\/\/infozamoraec.com\/index.php\/wp-json\/wp\/v2\/users\/1"}],"replies":[{"embeddable":true,"href":"https:\/\/infozamoraec.com\/index.php\/wp-json\/wp\/v2\/comments?post=18655"}],"version-history":[{"count":1,"href":"https:\/\/infozamoraec.com\/index.php\/wp-json\/wp\/v2\/posts\/18655\/revisions"}],"predecessor-version":[{"id":18657,"href":"https:\/\/infozamoraec.com\/index.php\/wp-json\/wp\/v2\/posts\/18655\/revisions\/18657"}],"wp:featuredmedia":[{"embeddable":true,"href":"https:\/\/infozamoraec.com\/index.php\/wp-json\/wp\/v2\/media\/18656"}],"wp:attachment":[{"href":"https:\/\/infozamoraec.com\/index.php\/wp-json\/wp\/v2\/media?parent=18655"}],"wp:term":[{"taxonomy":"category","embeddable":true,"href":"https:\/\/infozamoraec.com\/index.php\/wp-json\/wp\/v2\/categories?post=18655"},{"taxonomy":"post_tag","embeddable":true,"href":"https:\/\/infozamoraec.com\/index.php\/wp-json\/wp\/v2\/tags?post=18655"}],"curies":[{"name":"wp","href":"https:\/\/api.w.org\/{rel}","templated":true}]}}