{"id":18161,"date":"2025-12-20T12:56:30","date_gmt":"2025-12-20T12:56:30","guid":{"rendered":"https:\/\/infozamoraec.com\/?p=18161"},"modified":"2025-12-20T12:56:30","modified_gmt":"2025-12-20T12:56:30","slug":"nueva-directiva-estudiantil-asume-funciones-en-el-colegio-martha-bucaram-de-roldos","status":"publish","type":"post","link":"https:\/\/infozamoraec.com\/index.php\/2025\/12\/20\/nueva-directiva-estudiantil-asume-funciones-en-el-colegio-martha-bucaram-de-roldos\/","title":{"rendered":"Nueva directiva estudiantil asume funciones en el Colegio \u201cMartha Bucaram de Rold\u00f3s\u201d"},"content":{"rendered":"<p data-start=\"90\" data-end=\"369\">En un acto c\u00edvico y democr\u00e1tico se realiz\u00f3 la ceremonia de posesi\u00f3n del Consejo Estudiantil 2025-2026 del Colegio de Bachillerato \u201cMartha Bucaram de Rold\u00f3s\u201d, de la ciudad de\u00a0 Yantzaza, evento que marc\u00f3 el inicio de una nueva etapa de representaci\u00f3n y participaci\u00f3n estudiantil en la instituci\u00f3n.<\/p>\n<p data-start=\"371\" data-end=\"824\">La ceremonia cont\u00f3 con la presencia de autoridades educativas, docentes, estudiantes y padres de familia. En representaci\u00f3n de la Direcci\u00f3n Distrital 19D04 El Pangui\u2013Yantzaza Educaci\u00f3n, asisti\u00f3\u00a0 Medardo Ortega, quien resalt\u00f3 la importancia de la organizaci\u00f3n estudiantil como un componente clave en la formaci\u00f3n integral de los j\u00f3venes y subray\u00f3 el valor de la participaci\u00f3n activa en la construcci\u00f3n de una sociedad m\u00e1s justa y equitativa.<\/p>\n<p data-start=\"826\" data-end=\"1084\">Durante el acto, el rector del plantel, mag\u00edster Henrry Medina, destac\u00f3 la responsabilidad que asume la nueva directiva, se\u00f1alando que su rol ser\u00e1 canalizar las inquietudes del estudiantado y contribuir al fortalecimiento de un ambiente educativo de calidad.<\/p>\n<p data-start=\"1086\" data-end=\"1573\">El Consejo Estudiantil, electo mediante un proceso democr\u00e1tico, estar\u00e1 presidido por el estudiante Lennin Quishpe, quien expres\u00f3 su agradecimiento al equipo de trabajo y afirm\u00f3 que la gesti\u00f3n se enfocar\u00e1 en el trabajo conjunto para cumplir el plan propuesto. Entre los ejes planteados se incluyen iniciativas para el fortalecimiento acad\u00e9mico, el impulso de actividades culturales y deportivas, y la promoci\u00f3n de valores como el respeto y la solidaridad dentro de la comunidad educativa.<\/p>\n<p data-start=\"1575\" data-end=\"1752\" data-is-last-node=\"\" data-is-only-node=\"\">Con esta posesi\u00f3n, el Colegio \u201cMartha Bucaram de Rold\u00f3s\u201d inicia un nuevo per\u00edodo de gesti\u00f3n estudiantil orientado a la participaci\u00f3n, el liderazgo y el compromiso institucional.<\/p>\n","protected":false},"excerpt":{"rendered":"<p>En un acto c\u00edvico y democr\u00e1tico se realiz\u00f3 la ceremonia de posesi\u00f3n del Consejo Estudiantil 2025-2026 del Colegio de Bachillerato \u201cMartha Bucaram de Rold\u00f3s\u201d, de la ciudad de\u00a0 Yantzaza, evento que marc\u00f3 el inicio de una nueva etapa de representaci\u00f3n y participaci\u00f3n estudiantil en la instituci\u00f3n. La ceremonia cont\u00f3 con la presencia de autoridades educativas, [&hellip;]<\/p>\n","protected":false},"author":1,"featured_media":18162,"comment_status":"open","ping_status":"open","sticky":false,"template":"","format":"standard","meta":{"footnotes":""},"categories":[9],"tags":[],"_links":{"self":[{"href":"https:\/\/infozamoraec.com\/index.php\/wp-json\/wp\/v2\/posts\/18161"}],"collection":[{"href":"https:\/\/infozamoraec.com\/index.php\/wp-json\/wp\/v2\/posts"}],"about":[{"href":"https:\/\/infozamoraec.com\/index.php\/wp-json\/wp\/v2\/types\/post"}],"author":[{"embeddable":true,"href":"https:\/\/infozamoraec.com\/index.php\/wp-json\/wp\/v2\/users\/1"}],"replies":[{"embeddable":true,"href":"https:\/\/infozamoraec.com\/index.php\/wp-json\/wp\/v2\/comments?post=18161"}],"version-history":[{"count":1,"href":"https:\/\/infozamoraec.com\/index.php\/wp-json\/wp\/v2\/posts\/18161\/revisions"}],"predecessor-version":[{"id":18163,"href":"https:\/\/infozamoraec.com\/index.php\/wp-json\/wp\/v2\/posts\/18161\/revisions\/18163"}],"wp:featuredmedia":[{"embeddable":true,"href":"https:\/\/infozamoraec.com\/index.php\/wp-json\/wp\/v2\/media\/18162"}],"wp:attachment":[{"href":"https:\/\/infozamoraec.com\/index.php\/wp-json\/wp\/v2\/media?parent=18161"}],"wp:term":[{"taxonomy":"category","embeddable":true,"href":"https:\/\/infozamoraec.com\/index.php\/wp-json\/wp\/v2\/categories?post=18161"},{"taxonomy":"post_tag","embeddable":true,"href":"https:\/\/infozamoraec.com\/index.php\/wp-json\/wp\/v2\/tags?post=18161"}],"curies":[{"name":"wp","href":"https:\/\/api.w.org\/{rel}","templated":true}]}}