{"id":18157,"date":"2025-12-20T12:49:55","date_gmt":"2025-12-20T12:49:55","guid":{"rendered":"https:\/\/infozamoraec.com\/?p=18157"},"modified":"2025-12-20T12:58:16","modified_gmt":"2025-12-20T12:58:16","slug":"municipio-de-zamora-firma-convenio-para-impulsar-tradiciones-culturales-de-fin-de-ano-en-las-parroquias","status":"publish","type":"post","link":"https:\/\/infozamoraec.com\/index.php\/2025\/12\/20\/municipio-de-zamora-firma-convenio-para-impulsar-tradiciones-culturales-de-fin-de-ano-en-las-parroquias\/","title":{"rendered":"Municipio de Zamora firma convenio para impulsar tradiciones culturales de fin de a\u00f1o en las parroquias"},"content":{"rendered":"<p data-start=\"98\" data-end=\"338\">El Municipio de Zamora suscribi\u00f3 un convenio con los Gobiernos Aut\u00f3nomos Descentralizados (GAD) Parroquiales del cant\u00f3n, con el objetivo de fortalecer las tradiciones y expresiones culturales durante las festividades de fin de a\u00f1o.<\/p>\n<p data-start=\"340\" data-end=\"832\">La firma del acuerdo se realiz\u00f3 en el despacho de Alcald\u00eda y estuvo encabezada por el alcalde Manuel Gonz\u00e1lez, junto a los presidentes de los GAD Parroquiales. El convenio permitir\u00e1 la ejecuci\u00f3n del proyecto denominado <em data-start=\"559\" data-end=\"700\">\u201cFomento a las tradiciones y expresiones culturales a trav\u00e9s de las artes pl\u00e1sticas, esc\u00e9nicas, literarias y musicales en el cant\u00f3n Zamora\u201d<\/em>, orientado a promover las manifestaciones culturales locales, dinamizar la econom\u00eda y fortalecer el turismo en el mes de diciembre.<\/p>\n<p data-start=\"834\" data-end=\"1162\">El proyecto cuenta con un presupuesto total de 24.000 d\u00f3lares, que incluye un aporte de 4.000 d\u00f3lares en efectivo \u2014sin IVA\u2014 por parte del GAD Municipal. Estos recursos ser\u00e1n transferidos directamente a las cuentas de los GAD Parroquiales para la realizaci\u00f3n de actividades culturales y festivales expositivos en cada territorio.<\/p>\n<p data-start=\"1164\" data-end=\"1467\">El concejal Wilmer Espinoza resalt\u00f3 la importancia de que estas iniciativas lleguen tambi\u00e9n al sector rural. Se\u00f1al\u00f3 que la asignaci\u00f3n de recursos busca garantizar que todas las parroquias puedan participar de las celebraciones, fortaleciendo la identidad cultural y generando movimiento econ\u00f3mico local.<\/p>\n<p data-start=\"1469\" data-end=\"1734\">Por su parte, la presidenta del GAD Parroquial de Sabanilla, Ang\u00e9lica Tocto, agradeci\u00f3 el respaldo de la administraci\u00f3n municipal y destac\u00f3 que el convenio permitir\u00e1 impulsar eventos culturales que contribuyen al desarrollo tur\u00edstico y econ\u00f3mico de las comunidades.<\/p>\n<p data-start=\"1736\" data-end=\"2016\">En su intervenci\u00f3n, el alcalde Manuel Gonz\u00e1lez reiter\u00f3 el compromiso municipal con la equidad territorial, indicando que cada parroquia recibir\u00e1 un aporte econ\u00f3mico igualitario para la organizaci\u00f3n de actividades culturales que refuercen las tradiciones y la identidad del cant\u00f3n.<\/p>\n<p data-start=\"2018\" data-end=\"2209\" data-is-last-node=\"\" data-is-only-node=\"\">Con esta iniciativa, el GAD Municipal de Zamora ratifica su apoyo a la promoci\u00f3n cultural, el fortalecimiento de las tradiciones locales y el desarrollo integral de las parroquias del cant\u00f3n.<\/p>\n","protected":false},"excerpt":{"rendered":"<p>El Municipio de Zamora suscribi\u00f3 un convenio con los Gobiernos Aut\u00f3nomos Descentralizados (GAD) Parroquiales del cant\u00f3n, con el objetivo de fortalecer las tradiciones y expresiones culturales durante las festividades de fin de a\u00f1o. La firma del acuerdo se realiz\u00f3 en el despacho de Alcald\u00eda y estuvo encabezada por el alcalde Manuel Gonz\u00e1lez, junto a los [&hellip;]<\/p>\n","protected":false},"author":1,"featured_media":18158,"comment_status":"open","ping_status":"open","sticky":false,"template":"","format":"standard","meta":{"footnotes":""},"categories":[9],"tags":[],"_links":{"self":[{"href":"https:\/\/infozamoraec.com\/index.php\/wp-json\/wp\/v2\/posts\/18157"}],"collection":[{"href":"https:\/\/infozamoraec.com\/index.php\/wp-json\/wp\/v2\/posts"}],"about":[{"href":"https:\/\/infozamoraec.com\/index.php\/wp-json\/wp\/v2\/types\/post"}],"author":[{"embeddable":true,"href":"https:\/\/infozamoraec.com\/index.php\/wp-json\/wp\/v2\/users\/1"}],"replies":[{"embeddable":true,"href":"https:\/\/infozamoraec.com\/index.php\/wp-json\/wp\/v2\/comments?post=18157"}],"version-history":[{"count":3,"href":"https:\/\/infozamoraec.com\/index.php\/wp-json\/wp\/v2\/posts\/18157\/revisions"}],"predecessor-version":[{"id":18164,"href":"https:\/\/infozamoraec.com\/index.php\/wp-json\/wp\/v2\/posts\/18157\/revisions\/18164"}],"wp:featuredmedia":[{"embeddable":true,"href":"https:\/\/infozamoraec.com\/index.php\/wp-json\/wp\/v2\/media\/18158"}],"wp:attachment":[{"href":"https:\/\/infozamoraec.com\/index.php\/wp-json\/wp\/v2\/media?parent=18157"}],"wp:term":[{"taxonomy":"category","embeddable":true,"href":"https:\/\/infozamoraec.com\/index.php\/wp-json\/wp\/v2\/categories?post=18157"},{"taxonomy":"post_tag","embeddable":true,"href":"https:\/\/infozamoraec.com\/index.php\/wp-json\/wp\/v2\/tags?post=18157"}],"curies":[{"name":"wp","href":"https:\/\/api.w.org\/{rel}","templated":true}]}}