{"id":18034,"date":"2025-12-17T01:55:06","date_gmt":"2025-12-17T01:55:06","guid":{"rendered":"https:\/\/infozamoraec.com\/?p=18034"},"modified":"2025-12-17T01:55:06","modified_gmt":"2025-12-17T01:55:06","slug":"con-faroles-y-luces-paquisha-encendio-la-navidad-2025","status":"publish","type":"post","link":"https:\/\/infozamoraec.com\/index.php\/2025\/12\/17\/con-faroles-y-luces-paquisha-encendio-la-navidad-2025\/","title":{"rendered":"Con faroles y luces, Paquisha encendi\u00f3 la Navidad 2025"},"content":{"rendered":"<p>Paquisha. \u2013 En medio de colores, algarab\u00eda y profunda fe, este lunes 15 de diciembre se desarroll\u00f3 el programa navide\u00f1o del cant\u00f3n Paquisha, una jornada llena de simbolismo y uni\u00f3n familiar que incluy\u00f3 el preg\u00f3n navide\u00f1o, la novena, el encendido de faroles y la iluminaci\u00f3n de luces en el parque central y la Puerta de la Ciudad.<\/p>\n<p>El momento m\u00e1s emotivo de la noche fue el encendido de faroles bajo el lema \u201cSomos Luz\u201d, donde cada familia comparti\u00f3 un farol como s\u00edmbolo de esperanza, amor y buenos deseos en esta fecha especial. Este acto se torn\u00f3 a\u00fan m\u00e1s significativo cuando, de manera colectiva, los asistentes formaron con los faroles la imagen de la \u201cSagrada Familia\u201d, generando un ambiente de recogimiento y espiritualidad.<\/p>\n<p>\u201cEs la primera vez que vivimos la Navidad de esta forma. Felicitamos al se\u00f1or Alcalde y a todo su equipo por esta hermosa programaci\u00f3n que ha fortalecido nuestro esp\u00edritu navide\u00f1o y ha creado un espacio familiar para todos\u201d, expres\u00f3 Lisbeth Paqui, ciudadana del cant\u00f3n.<\/p>\n<p>La jornada inici\u00f3 con el preg\u00f3n navide\u00f1o, que parti\u00f3 desde el redondel de la \u201cPrincesa Paquesh\u201d hasta el parque central. Posteriormente, se desarroll\u00f3 la novena navide\u00f1a y la eucarist\u00eda en la parroquia Cristo Redentor, donde se reflexion\u00f3 sobre la importancia del Nacimiento de Jes\u00fas y se comparti\u00f3 un \u00e1gape comunitario que fortaleci\u00f3 los lazos de fraternidad entre los asistentes.<\/p>\n<p>En el parque central, tras el conteo regresivo, se realiz\u00f3 el encendido oficial de las luces navide\u00f1as, iluminando el \u00e1rbol, renos, palmas, \u00e1ngeles, Pap\u00e1 Noel y diversas figuras decorativas que llenaron de alegr\u00eda y color este espacio emblem\u00e1tico del cant\u00f3n. Adem\u00e1s, se cont\u00f3 con el concurso de villancicos, logrando el primer lugar, Sof\u00eda Jim\u00e9nez; el segundo, lugar Leandro Jima y el tercer lugar Amy Andrango.<\/p>\n<p>Paul Rodr\u00edguez, alcalde del cant\u00f3n Paquisha, destac\u00f3 que la programaci\u00f3n fue pensada para todos los sectores de la ciudadan\u00eda, permitiendo que ni\u00f1os, j\u00f3venes y adultos, disfruten de actividades dise\u00f1adas para compartir en familia.<\/p>\n<p>La noche concluy\u00f3 con el lanzamiento de los globos de los deseos, un momento cargado de ilusi\u00f3n que sell\u00f3 una celebraci\u00f3n navide\u00f1a inolvidable para las familias paquishenses.<\/p>\n<p>&nbsp;<\/p>\n","protected":false},"excerpt":{"rendered":"<p>Paquisha. \u2013 En medio de colores, algarab\u00eda y profunda fe, este lunes 15 de diciembre se desarroll\u00f3 el programa navide\u00f1o del cant\u00f3n Paquisha, una jornada llena de simbolismo y uni\u00f3n familiar que incluy\u00f3 el preg\u00f3n navide\u00f1o, la novena, el encendido de faroles y la iluminaci\u00f3n de luces en el parque central y la Puerta de [&hellip;]<\/p>\n","protected":false},"author":1,"featured_media":18035,"comment_status":"open","ping_status":"open","sticky":false,"template":"","format":"standard","meta":{"footnotes":""},"categories":[9],"tags":[],"_links":{"self":[{"href":"https:\/\/infozamoraec.com\/index.php\/wp-json\/wp\/v2\/posts\/18034"}],"collection":[{"href":"https:\/\/infozamoraec.com\/index.php\/wp-json\/wp\/v2\/posts"}],"about":[{"href":"https:\/\/infozamoraec.com\/index.php\/wp-json\/wp\/v2\/types\/post"}],"author":[{"embeddable":true,"href":"https:\/\/infozamoraec.com\/index.php\/wp-json\/wp\/v2\/users\/1"}],"replies":[{"embeddable":true,"href":"https:\/\/infozamoraec.com\/index.php\/wp-json\/wp\/v2\/comments?post=18034"}],"version-history":[{"count":1,"href":"https:\/\/infozamoraec.com\/index.php\/wp-json\/wp\/v2\/posts\/18034\/revisions"}],"predecessor-version":[{"id":18036,"href":"https:\/\/infozamoraec.com\/index.php\/wp-json\/wp\/v2\/posts\/18034\/revisions\/18036"}],"wp:featuredmedia":[{"embeddable":true,"href":"https:\/\/infozamoraec.com\/index.php\/wp-json\/wp\/v2\/media\/18035"}],"wp:attachment":[{"href":"https:\/\/infozamoraec.com\/index.php\/wp-json\/wp\/v2\/media?parent=18034"}],"wp:term":[{"taxonomy":"category","embeddable":true,"href":"https:\/\/infozamoraec.com\/index.php\/wp-json\/wp\/v2\/categories?post=18034"},{"taxonomy":"post_tag","embeddable":true,"href":"https:\/\/infozamoraec.com\/index.php\/wp-json\/wp\/v2\/tags?post=18034"}],"curies":[{"name":"wp","href":"https:\/\/api.w.org\/{rel}","templated":true}]}}