{"id":18004,"date":"2025-12-16T02:51:26","date_gmt":"2025-12-16T02:51:26","guid":{"rendered":"https:\/\/infozamoraec.com\/?p=18004"},"modified":"2025-12-16T02:51:26","modified_gmt":"2025-12-16T02:51:26","slug":"el-pangui-inauguro-la-temporada-navidena-con-el-encendido-oficial-del-arbol","status":"publish","type":"post","link":"https:\/\/infozamoraec.com\/index.php\/2025\/12\/16\/el-pangui-inauguro-la-temporada-navidena-con-el-encendido-oficial-del-arbol\/","title":{"rendered":"El Pangui inaugur\u00f3 la temporada navide\u00f1a con el encendido oficial del \u00c1rbol"},"content":{"rendered":"<p data-start=\"81\" data-end=\"452\">El centro de la ciudad de El Pangui fue escenario del encendido oficial del \u00c1rbol Navide\u00f1o, un acto que congreg\u00f3 a familias, estudiantes y autoridades locales en una jornada marcada por la tradici\u00f3n y el ambiente festivo. La actividad fue organizada por el Gobierno Aut\u00f3nomo Descentralizado Municipal de El Pangui, con el apoyo de la Empresa Hidroel\u00e9ctrica Hidro Oriente.<\/p>\n<p data-start=\"454\" data-end=\"871\">La programaci\u00f3n inici\u00f3 con un desfile que parti\u00f3 desde el parque La Boa y concluy\u00f3 en el parque Central. En el recorrido participaron docentes y estudiantes de varias instituciones educativas del cant\u00f3n, quienes presentaron disfraces alusivos a la tem\u00e1tica navide\u00f1a. Posteriormente, el p\u00fablico asistente disfrut\u00f3 de coreograf\u00edas, presentaciones art\u00edsticas y villancicos que complementaron la agenda cultural prevista.<\/p>\n<p data-start=\"873\" data-end=\"1230\">El momento central del evento fue el encendido de las luces del \u00c1rbol Navide\u00f1o, que ilumin\u00f3 el espacio p\u00fablico y marc\u00f3 el inicio de las celebraciones decembrinas en el cant\u00f3n. Durante este acto, el alcalde encargado, Ren\u00e9 Lojano, dirigi\u00f3 un mensaje a la ciudadan\u00eda, en el que destac\u00f3 la importancia de la uni\u00f3n familiar y comunitaria durante esta temporada.<\/p>\n<p data-start=\"1232\" data-end=\"1444\">Asimismo, el p\u00e1rroco del cant\u00f3n, Wojciech Bacior, comparti\u00f3 un mensaje de reflexi\u00f3n enfocado en valores como la fe, el compartir y el perd\u00f3n, resaltando su relevancia en el contexto de las festividades navide\u00f1as.<\/p>\n<p data-start=\"1446\" data-end=\"1681\" data-is-last-node=\"\" data-is-only-node=\"\">Con esta actividad, la Alcald\u00eda de El Pangui se\u00f1al\u00f3 que busca fortalecer la convivencia, la identidad local y los espacios de encuentro ciudadano, como parte de las acciones orientadas al bienestar y la cohesi\u00f3n social de la comunidad.<\/p>\n","protected":false},"excerpt":{"rendered":"<p>El centro de la ciudad de El Pangui fue escenario del encendido oficial del \u00c1rbol Navide\u00f1o, un acto que congreg\u00f3 a familias, estudiantes y autoridades locales en una jornada marcada por la tradici\u00f3n y el ambiente festivo. La actividad fue organizada por el Gobierno Aut\u00f3nomo Descentralizado Municipal de El Pangui, con el apoyo de la [&hellip;]<\/p>\n","protected":false},"author":1,"featured_media":18005,"comment_status":"open","ping_status":"open","sticky":false,"template":"","format":"standard","meta":{"footnotes":""},"categories":[9],"tags":[],"_links":{"self":[{"href":"https:\/\/infozamoraec.com\/index.php\/wp-json\/wp\/v2\/posts\/18004"}],"collection":[{"href":"https:\/\/infozamoraec.com\/index.php\/wp-json\/wp\/v2\/posts"}],"about":[{"href":"https:\/\/infozamoraec.com\/index.php\/wp-json\/wp\/v2\/types\/post"}],"author":[{"embeddable":true,"href":"https:\/\/infozamoraec.com\/index.php\/wp-json\/wp\/v2\/users\/1"}],"replies":[{"embeddable":true,"href":"https:\/\/infozamoraec.com\/index.php\/wp-json\/wp\/v2\/comments?post=18004"}],"version-history":[{"count":2,"href":"https:\/\/infozamoraec.com\/index.php\/wp-json\/wp\/v2\/posts\/18004\/revisions"}],"predecessor-version":[{"id":18007,"href":"https:\/\/infozamoraec.com\/index.php\/wp-json\/wp\/v2\/posts\/18004\/revisions\/18007"}],"wp:featuredmedia":[{"embeddable":true,"href":"https:\/\/infozamoraec.com\/index.php\/wp-json\/wp\/v2\/media\/18005"}],"wp:attachment":[{"href":"https:\/\/infozamoraec.com\/index.php\/wp-json\/wp\/v2\/media?parent=18004"}],"wp:term":[{"taxonomy":"category","embeddable":true,"href":"https:\/\/infozamoraec.com\/index.php\/wp-json\/wp\/v2\/categories?post=18004"},{"taxonomy":"post_tag","embeddable":true,"href":"https:\/\/infozamoraec.com\/index.php\/wp-json\/wp\/v2\/tags?post=18004"}],"curies":[{"name":"wp","href":"https:\/\/api.w.org\/{rel}","templated":true}]}}