{"id":18000,"date":"2025-12-16T02:47:22","date_gmt":"2025-12-16T02:47:22","guid":{"rendered":"https:\/\/infozamoraec.com\/?p=18000"},"modified":"2025-12-16T02:47:22","modified_gmt":"2025-12-16T02:47:22","slug":"junta-nacional-de-defensa-del-artesano-tendra-casa-propia","status":"publish","type":"post","link":"https:\/\/infozamoraec.com\/index.php\/2025\/12\/16\/junta-nacional-de-defensa-del-artesano-tendra-casa-propia\/","title":{"rendered":"Junta Nacional de Defensa del Artesano tendr\u00e1 casa propia"},"content":{"rendered":"<p style=\"font-weight: 400;\">En medio de un acto formal, se suscribi\u00f3 el convenio interinstitucional entre el Gobierno Provincial de Zamora Chinchipe y la Junta Nacional de Defensa del Artesano, para la construcci\u00f3n de la primera etapa de la casa del artesano, ubicado en la avenida del Ej\u00e9rcito, barrio P\u00edo Jaramillo Alvarado, en la ciudad de Zamora. En la legalizaci\u00f3n de la firma estuvo la prefecta Karla Re\u00e1tegui y el presidente de la Junta Nacional de Defensa del Artesano, Julio Eduardo Jim\u00e9nez, en compa\u00f1\u00eda de los socios de este importante gremio.<\/p>\n<p style=\"font-weight: 400;\">Mariana Ulloa, t\u00e9cnica provincial y responsable de la Junta de Defensa del Artesano de Zamora Chinchipe, expres\u00f3 su agradecimiento a las autoridades y de manera especial a la Prefecta por ese apoyo incondicional en favor de los artesanos de la Provincia en la construcci\u00f3n de la primera etapa de la casa del artesano.<\/p>\n<p style=\"font-weight: 400;\">La prefecta de nuestra provincia, Karla Re\u00e1tegui, en su discurso dio la bienvenida a los presentes y manifest\u00f3 que le llena de orgullo ser parte de esta administraci\u00f3n porque est\u00e1 dando frutos en todos los \u00e1mbitos, trabajos que se los hace con mucha fuerza, con mucho cari\u00f1o y con mucho \u00f1eque. \u201c<strong>Felicito la gesti\u00f3n de los directivos del artesano que lograron su objetivo, ratificamos nuestro compromiso con ustedes y a m\u00e1s tardar en febrero de este a\u00f1o se iniciar\u00e1 su construcci\u00f3n\u201d.<\/strong><\/p>\n<p style=\"font-weight: 400;\"><strong>\u00a0<\/strong>Para el presidente de la Junta Nacional de Defensa del Artesano, Julio Eduardo Jim\u00e9nez,\u00a0<strong>\u201choy, celebramos esa lucha y empe\u00f1o en hacer este sue\u00f1o realidad, no por la firma del convenio sino por lo que representa tener un espacio propio y lo que representa para los artesanos este objetivo que son fruto de la constancia del amor\u201d.<\/strong>\u00a0Bajo ese contexto, felicit\u00f3 la voluntad pol\u00edtica de la prefecta Karla Re\u00e1tegui, que con mucha responsabilidad administra los recursos fruto de una planificaci\u00f3n.<\/p>\n<p style=\"font-weight: 400;\">El objetivo central de este convenio es la construcci\u00f3n de la primera etapa de la casa del artesano, en el lote de terreno signado con el n\u00famero DOS,\u00a0de la manzana \u201c<strong>D\u201d<\/strong>\u00a0de la Lotizaci\u00f3n\u00a0<strong>\u201cIsabella\u201d,<\/strong>\u00a0ubicado en la Avenida del Ej\u00e9rcito, Barrio P\u00edo Jaramillo Alvarado, de la parroquia y cant\u00f3n de Zamora Chinchipe, El \u00e1rea de construcci\u00f3n consiste en tres plantas completamente terminadas, y con servicios b\u00e1sicos de agua potable, saneamiento, y energ\u00eda el\u00e9ctrica.<\/p>\n<p style=\"font-weight: 400;\"><strong>APORTES:<\/strong><\/p>\n<p style=\"font-weight: 400;\">La Prefectura aporta la cantidad de\u00a0<strong>$200.000,00<\/strong>\u00a0para la construcci\u00f3n total de la obra se\u00f1alada; obtenci\u00f3n de los permisos municipales que avalen la construcci\u00f3n del inmueble objeto del presente convenio; estudio t\u00e9cnico que avala la construcci\u00f3n del inmueble objeto del presente convenio debidamente actualizado, verificando la titularidad del dominio; entregar la construcci\u00f3n en su totalidad a la JUNTA la Casa del Artesano ubicada\u00a0en la Avenida del Ej\u00e9rcito, Barrio P\u00edo Jaramillo Alvarado, de la parroquia y cant\u00f3n de Zamora Chinchipe, conforme al estudio que se adjunta; fiscalizaci\u00f3n\u00a0de la obra (\u2026).<\/p>\n<p style=\"font-weight: 400;\">Patricio Andino, en representaci\u00f3n de los artesanos, indic\u00f3 que son m\u00e1s de los 10.000 socios y que actualmente son 197 ramas las que alberga el Artesano, entre ellas: costura y bordados, ropa deportiva, chef, panificadora y pasteler\u00eda, joyer\u00eda, belleza, bisuter\u00eda, dise\u00f1o gr\u00e1fico, serigraf\u00edas, tatuajes (\u2026).<\/p>\n<p style=\"font-weight: 400;\">Es as\u00ed como la Prefectura de Zamora Chinchipe sigue fortaleciendo alianzas estrat\u00e9gicas con los distintos sectores productivos y sociales de la Provincia.<\/p>\n","protected":false},"excerpt":{"rendered":"<p>En medio de un acto formal, se suscribi\u00f3 el convenio interinstitucional entre el Gobierno Provincial de Zamora Chinchipe y la Junta Nacional de Defensa del Artesano, para la construcci\u00f3n de la primera etapa de la casa del artesano, ubicado en la avenida del Ej\u00e9rcito, barrio P\u00edo Jaramillo Alvarado, en la ciudad de Zamora. En la [&hellip;]<\/p>\n","protected":false},"author":1,"featured_media":18001,"comment_status":"open","ping_status":"open","sticky":false,"template":"","format":"standard","meta":{"footnotes":""},"categories":[9],"tags":[],"_links":{"self":[{"href":"https:\/\/infozamoraec.com\/index.php\/wp-json\/wp\/v2\/posts\/18000"}],"collection":[{"href":"https:\/\/infozamoraec.com\/index.php\/wp-json\/wp\/v2\/posts"}],"about":[{"href":"https:\/\/infozamoraec.com\/index.php\/wp-json\/wp\/v2\/types\/post"}],"author":[{"embeddable":true,"href":"https:\/\/infozamoraec.com\/index.php\/wp-json\/wp\/v2\/users\/1"}],"replies":[{"embeddable":true,"href":"https:\/\/infozamoraec.com\/index.php\/wp-json\/wp\/v2\/comments?post=18000"}],"version-history":[{"count":2,"href":"https:\/\/infozamoraec.com\/index.php\/wp-json\/wp\/v2\/posts\/18000\/revisions"}],"predecessor-version":[{"id":18003,"href":"https:\/\/infozamoraec.com\/index.php\/wp-json\/wp\/v2\/posts\/18000\/revisions\/18003"}],"wp:featuredmedia":[{"embeddable":true,"href":"https:\/\/infozamoraec.com\/index.php\/wp-json\/wp\/v2\/media\/18001"}],"wp:attachment":[{"href":"https:\/\/infozamoraec.com\/index.php\/wp-json\/wp\/v2\/media?parent=18000"}],"wp:term":[{"taxonomy":"category","embeddable":true,"href":"https:\/\/infozamoraec.com\/index.php\/wp-json\/wp\/v2\/categories?post=18000"},{"taxonomy":"post_tag","embeddable":true,"href":"https:\/\/infozamoraec.com\/index.php\/wp-json\/wp\/v2\/tags?post=18000"}],"curies":[{"name":"wp","href":"https:\/\/api.w.org\/{rel}","templated":true}]}}