{"id":17985,"date":"2025-12-13T14:54:36","date_gmt":"2025-12-13T14:54:36","guid":{"rendered":"https:\/\/infozamoraec.com\/?p=17985"},"modified":"2025-12-13T14:54:36","modified_gmt":"2025-12-13T14:54:36","slug":"feria-inclusiva-de-gestion-de-riesgos-se-desarrollo-en-la-unidad-educativa-especializada-matilde-guzman","status":"publish","type":"post","link":"https:\/\/infozamoraec.com\/index.php\/2025\/12\/13\/feria-inclusiva-de-gestion-de-riesgos-se-desarrollo-en-la-unidad-educativa-especializada-matilde-guzman\/","title":{"rendered":"Feria Inclusiva de Gesti\u00f3n de Riesgos se desarroll\u00f3 en la Unidad Educativa Especializada Matilde Guzm\u00e1n"},"content":{"rendered":"<p data-start=\"109\" data-end=\"471\">La Secretar\u00eda de Gesti\u00f3n de Riesgos, a trav\u00e9s de la Coordinaci\u00f3n Zonal 7, en articulaci\u00f3n con el Distrito 19D04 El Pangui\u2013Yantzaza Educaci\u00f3n, realiz\u00f3 una Feria Inclusiva de Gesti\u00f3n de Riesgos en la Unidad Educativa Especializada Matilde Guzm\u00e1n, con el objetivo de fortalecer la cultura de prevenci\u00f3n en la comunidad educativa.<\/p>\n<p data-start=\"473\" data-end=\"948\">La actividad estuvo dirigida especialmente a ni\u00f1as, ni\u00f1os y adolescentes con necesidades educativas especiales, mediante acciones educativas, recreativas e integradoras que promovieron la autoprotecci\u00f3n y la preparaci\u00f3n ante distintos escenarios de riesgo. La jornada cont\u00f3 con el apoyo del GAD del cant\u00f3n Yantzaza, la Jefatura Pol\u00edtica de Yantzaza, la Polic\u00eda Nacional, el Distrito 19D04 El Pangui\u2013Yantzaza Salud, el Ministerio de Desarrollo Humano y CACPE Zamora Chinchipe.<\/p>\n<p data-start=\"950\" data-end=\"1559\">Durante el evento se instalaron estaciones tem\u00e1ticas que permitieron a los participantes interactuar y poner en pr\u00e1ctica conocimientos b\u00e1sicos sobre prevenci\u00f3n y respuesta ante emergencias, en un entorno seguro y participativo. Entre las actividades desarrolladas se incluyeron espacios de aprendizaje interactivo, donde ni\u00f1as y ni\u00f1os realizaron dibujos para identificar riesgos y acciones de protecci\u00f3n; stands de sensibilizaci\u00f3n sobre inclusi\u00f3n y accesibilidad en la gesti\u00f3n de riesgos; y din\u00e1micas l\u00fadicas dise\u00f1adas para transmitir mensajes preventivos de forma clara y acorde a la edad de los estudiantes.<\/p>\n<p data-start=\"1561\" data-end=\"1804\">Asimismo, funcionarios de las instituciones participantes brindaron orientaci\u00f3n y demostraciones sobre procedimientos b\u00e1sicos de preparaci\u00f3n ante emergencias, fortaleciendo el trabajo interinstitucional y el v\u00ednculo con la comunidad educativa.<\/p>\n<p data-start=\"1806\" data-end=\"1963\" data-is-last-node=\"\" data-is-only-node=\"\">Esta iniciativa forma parte de las acciones orientadas a promover comunidades educativas resilientes, inclusivas y preparadas frente a situaciones de riesgo.<\/p>\n","protected":false},"excerpt":{"rendered":"<p>La Secretar\u00eda de Gesti\u00f3n de Riesgos, a trav\u00e9s de la Coordinaci\u00f3n Zonal 7, en articulaci\u00f3n con el Distrito 19D04 El Pangui\u2013Yantzaza Educaci\u00f3n, realiz\u00f3 una Feria Inclusiva de Gesti\u00f3n de Riesgos en la Unidad Educativa Especializada Matilde Guzm\u00e1n, con el objetivo de fortalecer la cultura de prevenci\u00f3n en la comunidad educativa. La actividad estuvo dirigida especialmente [&hellip;]<\/p>\n","protected":false},"author":1,"featured_media":17986,"comment_status":"open","ping_status":"open","sticky":false,"template":"","format":"standard","meta":{"footnotes":""},"categories":[9],"tags":[],"_links":{"self":[{"href":"https:\/\/infozamoraec.com\/index.php\/wp-json\/wp\/v2\/posts\/17985"}],"collection":[{"href":"https:\/\/infozamoraec.com\/index.php\/wp-json\/wp\/v2\/posts"}],"about":[{"href":"https:\/\/infozamoraec.com\/index.php\/wp-json\/wp\/v2\/types\/post"}],"author":[{"embeddable":true,"href":"https:\/\/infozamoraec.com\/index.php\/wp-json\/wp\/v2\/users\/1"}],"replies":[{"embeddable":true,"href":"https:\/\/infozamoraec.com\/index.php\/wp-json\/wp\/v2\/comments?post=17985"}],"version-history":[{"count":2,"href":"https:\/\/infozamoraec.com\/index.php\/wp-json\/wp\/v2\/posts\/17985\/revisions"}],"predecessor-version":[{"id":17988,"href":"https:\/\/infozamoraec.com\/index.php\/wp-json\/wp\/v2\/posts\/17985\/revisions\/17988"}],"wp:featuredmedia":[{"embeddable":true,"href":"https:\/\/infozamoraec.com\/index.php\/wp-json\/wp\/v2\/media\/17986"}],"wp:attachment":[{"href":"https:\/\/infozamoraec.com\/index.php\/wp-json\/wp\/v2\/media?parent=17985"}],"wp:term":[{"taxonomy":"category","embeddable":true,"href":"https:\/\/infozamoraec.com\/index.php\/wp-json\/wp\/v2\/categories?post=17985"},{"taxonomy":"post_tag","embeddable":true,"href":"https:\/\/infozamoraec.com\/index.php\/wp-json\/wp\/v2\/tags?post=17985"}],"curies":[{"name":"wp","href":"https:\/\/api.w.org\/{rel}","templated":true}]}}