{"id":17960,"date":"2025-12-13T01:14:21","date_gmt":"2025-12-13T01:14:21","guid":{"rendered":"https:\/\/infozamoraec.com\/?p=17960"},"modified":"2025-12-13T01:14:21","modified_gmt":"2025-12-13T01:14:21","slug":"aprueban-construccion-del-centro-cultural-e-historico-de-paquisha","status":"publish","type":"post","link":"https:\/\/infozamoraec.com\/index.php\/2025\/12\/13\/aprueban-construccion-del-centro-cultural-e-historico-de-paquisha\/","title":{"rendered":"Aprueban construcci\u00f3n del Centro Cultural e Hist\u00f3rico de Paquisha"},"content":{"rendered":"<p data-start=\"71\" data-end=\"398\">En la <strong data-start=\"88\" data-end=\"162\">Sesi\u00f3n N.\u00b0 20 del Consejo de Planificaci\u00f3n y Desarrollo de la Amazon\u00eda<\/strong>, realizada este viernes <strong data-start=\"187\" data-end=\"214\">12 de diciembre de 2025<\/strong> en la ciudad de <strong data-start=\"231\" data-end=\"239\">Puyo<\/strong>, fue aprobado el proyecto para la <strong data-start=\"274\" data-end=\"334\">construcci\u00f3n del Centro Cultural e Hist\u00f3rico de Paquisha<\/strong>, presentado por el Gobierno Aut\u00f3nomo Descentralizado Municipal.<\/p>\n<p data-start=\"400\" data-end=\"840\">A la sesi\u00f3n asisti\u00f3 el <strong data-start=\"423\" data-end=\"462\">alcalde de Paquisha, Paul Rodr\u00edguez<\/strong>, junto al equipo t\u00e9cnico municipal, quienes sustentaron la propuesta que logr\u00f3 el respaldo del organismo amaz\u00f3nico. La obra cuenta con un <strong data-start=\"601\" data-end=\"642\">presupuesto total de USD 2\u2019813.969,81<\/strong>, de los cuales <strong data-start=\"658\" data-end=\"676\">USD 486.966,30<\/strong> corresponden al aporte del GAD Municipal y <strong data-start=\"720\" data-end=\"740\">USD 2\u2019327.003,51<\/strong> ser\u00e1n financiados por la <strong data-start=\"766\" data-end=\"803\">Secretar\u00eda T\u00e9cnica de la Amazon\u00eda<\/strong>, mediante recursos no reembolsables.<\/p>\n<p data-start=\"842\" data-end=\"1406\">El proyecto contempla la construcci\u00f3n de un espacio integral destinado a la <strong data-start=\"918\" data-end=\"980\">preservaci\u00f3n de la memoria hist\u00f3rica y cultural del cant\u00f3n<\/strong>, as\u00ed como al fortalecimiento de la actividad tur\u00edstica. Entre sus componentes se incluyen el <strong data-start=\"1074\" data-end=\"1103\">monumento Cristo Redentor<\/strong>, el <strong data-start=\"1108\" data-end=\"1132\">monumento al Soldado<\/strong>, una <strong data-start=\"1138\" data-end=\"1154\">plaza c\u00edvica<\/strong>, la <strong data-start=\"1159\" data-end=\"1188\">plaza del Avi\u00f3n de Guerra<\/strong>, \u00e1reas de exposici\u00f3n, recreaci\u00f3n y ejercicios, parqueaderos, garita de seguridad, accesos y pasarelas, muro hist\u00f3rico, bicicleteros, juegos de agua artificiales, jardineras, restaurante, mobiliario urbano y miradores.<\/p>\n<p data-start=\"1408\" data-end=\"1685\">De acuerdo con la planificaci\u00f3n presentada, la obra tendr\u00e1 un <strong data-start=\"1470\" data-end=\"1504\">plazo de ejecuci\u00f3n de 12 meses<\/strong> y se constituye en una de las <strong data-start=\"1535\" data-end=\"1585\">inversiones m\u00e1s representativas para el cant\u00f3n<\/strong>, al tratarse del mayor financiamiento gestionado para un proyecto cultural y tur\u00edstico en Paquisha.<\/p>\n<p data-start=\"1687\" data-end=\"1958\" data-is-last-node=\"\" data-is-only-node=\"\">Desde el Municipio se inform\u00f3 que el Centro Cultural e Hist\u00f3rico permitir\u00e1 <strong data-start=\"1762\" data-end=\"1795\">fortalecer la identidad local<\/strong>, rescatar el valor hist\u00f3rico del territorio y generar nuevos espacios de encuentro ciudadano, contribuyendo al desarrollo social, cultural y tur\u00edstico del cant\u00f3n.<\/p>\n","protected":false},"excerpt":{"rendered":"<p>En la Sesi\u00f3n N.\u00b0 20 del Consejo de Planificaci\u00f3n y Desarrollo de la Amazon\u00eda, realizada este viernes 12 de diciembre de 2025 en la ciudad de Puyo, fue aprobado el proyecto para la construcci\u00f3n del Centro Cultural e Hist\u00f3rico de Paquisha, presentado por el Gobierno Aut\u00f3nomo Descentralizado Municipal. A la sesi\u00f3n asisti\u00f3 el alcalde de [&hellip;]<\/p>\n","protected":false},"author":1,"featured_media":17961,"comment_status":"open","ping_status":"open","sticky":false,"template":"","format":"standard","meta":{"footnotes":""},"categories":[9],"tags":[],"_links":{"self":[{"href":"https:\/\/infozamoraec.com\/index.php\/wp-json\/wp\/v2\/posts\/17960"}],"collection":[{"href":"https:\/\/infozamoraec.com\/index.php\/wp-json\/wp\/v2\/posts"}],"about":[{"href":"https:\/\/infozamoraec.com\/index.php\/wp-json\/wp\/v2\/types\/post"}],"author":[{"embeddable":true,"href":"https:\/\/infozamoraec.com\/index.php\/wp-json\/wp\/v2\/users\/1"}],"replies":[{"embeddable":true,"href":"https:\/\/infozamoraec.com\/index.php\/wp-json\/wp\/v2\/comments?post=17960"}],"version-history":[{"count":1,"href":"https:\/\/infozamoraec.com\/index.php\/wp-json\/wp\/v2\/posts\/17960\/revisions"}],"predecessor-version":[{"id":17962,"href":"https:\/\/infozamoraec.com\/index.php\/wp-json\/wp\/v2\/posts\/17960\/revisions\/17962"}],"wp:featuredmedia":[{"embeddable":true,"href":"https:\/\/infozamoraec.com\/index.php\/wp-json\/wp\/v2\/media\/17961"}],"wp:attachment":[{"href":"https:\/\/infozamoraec.com\/index.php\/wp-json\/wp\/v2\/media?parent=17960"}],"wp:term":[{"taxonomy":"category","embeddable":true,"href":"https:\/\/infozamoraec.com\/index.php\/wp-json\/wp\/v2\/categories?post=17960"},{"taxonomy":"post_tag","embeddable":true,"href":"https:\/\/infozamoraec.com\/index.php\/wp-json\/wp\/v2\/tags?post=17960"}],"curies":[{"name":"wp","href":"https:\/\/api.w.org\/{rel}","templated":true}]}}