{"id":17953,"date":"2025-12-13T01:06:17","date_gmt":"2025-12-13T01:06:17","guid":{"rendered":"https:\/\/infozamoraec.com\/?p=17953"},"modified":"2025-12-13T01:06:17","modified_gmt":"2025-12-13T01:06:17","slug":"policia-nacional-ejecuto-operativo-tras-presunta-muerte-violenta-en-yantzaza","status":"publish","type":"post","link":"https:\/\/infozamoraec.com\/index.php\/2025\/12\/13\/policia-nacional-ejecuto-operativo-tras-presunta-muerte-violenta-en-yantzaza\/","title":{"rendered":"Polic\u00eda Nacional ejecut\u00f3 operativo tras presunta muerte violenta en Yantzaza"},"content":{"rendered":"<p data-start=\"82\" data-end=\"322\">La Polic\u00eda Nacional del Ecuador activ\u00f3 un operativo inmediato luego de registrarse una <strong data-start=\"213\" data-end=\"259\">presunta muerte violenta con arma de fuego<\/strong> la noche del jueves 11 de diciembre en el cant\u00f3n <strong data-start=\"309\" data-end=\"321\">Yantzaza<\/strong>.<\/p>\n<p data-start=\"324\" data-end=\"739\">De acuerdo con el informe policial, a las <strong data-start=\"366\" data-end=\"375\">23h00<\/strong> personal del <strong data-start=\"389\" data-end=\"410\">Distrito Yantzaza<\/strong> acudi\u00f3 al <strong data-start=\"421\" data-end=\"447\">barrio Le\u00f3nidas Proa\u00f1o<\/strong>, donde se localiz\u00f3 un <strong data-start=\"470\" data-end=\"507\">veh\u00edculo tipo sed\u00e1n, color blanco<\/strong>, que se encontraba impactado contra una pared. En el interior del automotor fue hallado un <strong data-start=\"599\" data-end=\"649\">ciudadano de sexo masculino sin signos vitales<\/strong>. Moradores del sector indicaron haber escuchado <strong data-start=\"698\" data-end=\"714\">detonaciones<\/strong> minutos antes del hecho.<\/p>\n<p data-start=\"741\" data-end=\"1007\">El levantamiento del cad\u00e1ver de <strong data-start=\"773\" data-end=\"799\">Edisson L., de 36 a\u00f1os<\/strong>, se realiz\u00f3 bajo la coordinaci\u00f3n de <strong data-start=\"836\" data-end=\"877\">DINASED, Criminal\u00edstica y la Fiscal\u00eda<\/strong>. En el mismo evento, una <strong data-start=\"903\" data-end=\"923\">menor de 16 a\u00f1os<\/strong> fue trasladada a una casa de salud, donde se confirm\u00f3 que su estado es <strong data-start=\"995\" data-end=\"1006\">estable<\/strong>.<\/p>\n<p data-start=\"1009\" data-end=\"1307\">Como parte de las diligencias investigativas, la Polic\u00eda identific\u00f3 a un <strong data-start=\"1082\" data-end=\"1104\">presunto implicado<\/strong>, conocido como alias <em data-start=\"1126\" data-end=\"1137\">\u201cParcero\u201d<\/em>. Posteriormente, se ejecut\u00f3 un <strong data-start=\"1169\" data-end=\"1191\">operativo conjunto<\/strong> entre el <strong data-start=\"1201\" data-end=\"1253\">Eje Investigativo (Polic\u00eda Judicial de Yantzaza)<\/strong> y el <strong data-start=\"1259\" data-end=\"1277\">Eje Preventivo<\/strong>, en el <strong data-start=\"1285\" data-end=\"1306\">barrio Los Anchos<\/strong>.<\/p>\n<p data-start=\"1309\" data-end=\"1373\">Durante la intervenci\u00f3n se obtuvieron los siguientes resultados:<\/p>\n<ul data-start=\"1374\" data-end=\"1509\">\n<li data-start=\"1374\" data-end=\"1434\">\n<p data-start=\"1376\" data-end=\"1434\"><strong data-start=\"1376\" data-end=\"1403\">Una persona aprehendida<\/strong> de nacionalidad ecuatoriana.<\/p>\n<\/li>\n<li data-start=\"1435\" data-end=\"1474\">\n<p data-start=\"1437\" data-end=\"1474\"><strong data-start=\"1437\" data-end=\"1471\">Un veh\u00edculo tipo taxi retenido<\/strong>.<\/p>\n<\/li>\n<li data-start=\"1475\" data-end=\"1509\">\n<p data-start=\"1477\" data-end=\"1509\"><strong data-start=\"1477\" data-end=\"1508\">Un tel\u00e9fono m\u00f3vil incautado<\/strong>.<\/p>\n<\/li>\n<\/ul>\n<p data-start=\"1511\" data-end=\"1733\">El ciudadano aprehendido fue puesto a \u00f3rdenes de la <strong data-start=\"1563\" data-end=\"1587\">autoridad competente<\/strong>, mientras que los indicios fueron ingresados en la bodega de la <strong data-start=\"1652\" data-end=\"1684\">Polic\u00eda Judicial de Yantzaza<\/strong>, conforme a los procedimientos legales vigentes.<\/p>\n<p data-start=\"1735\" data-end=\"1965\" data-is-last-node=\"\" data-is-only-node=\"\">La <strong data-start=\"1738\" data-end=\"1758\">Polic\u00eda Nacional<\/strong> inform\u00f3 que continuar\u00e1 con las investigaciones y reiter\u00f3 su compromiso de fortalecer las acciones preventivas e investigativas para garantizar la <strong data-start=\"1905\" data-end=\"1928\">seguridad ciudadana<\/strong> en la provincia de Zamora Chinchipe.<\/p>\n","protected":false},"excerpt":{"rendered":"<p>La Polic\u00eda Nacional del Ecuador activ\u00f3 un operativo inmediato luego de registrarse una presunta muerte violenta con arma de fuego la noche del jueves 11 de diciembre en el cant\u00f3n Yantzaza. De acuerdo con el informe policial, a las 23h00 personal del Distrito Yantzaza acudi\u00f3 al barrio Le\u00f3nidas Proa\u00f1o, donde se localiz\u00f3 un veh\u00edculo tipo [&hellip;]<\/p>\n","protected":false},"author":1,"featured_media":17954,"comment_status":"open","ping_status":"open","sticky":false,"template":"","format":"standard","meta":{"footnotes":""},"categories":[9],"tags":[],"_links":{"self":[{"href":"https:\/\/infozamoraec.com\/index.php\/wp-json\/wp\/v2\/posts\/17953"}],"collection":[{"href":"https:\/\/infozamoraec.com\/index.php\/wp-json\/wp\/v2\/posts"}],"about":[{"href":"https:\/\/infozamoraec.com\/index.php\/wp-json\/wp\/v2\/types\/post"}],"author":[{"embeddable":true,"href":"https:\/\/infozamoraec.com\/index.php\/wp-json\/wp\/v2\/users\/1"}],"replies":[{"embeddable":true,"href":"https:\/\/infozamoraec.com\/index.php\/wp-json\/wp\/v2\/comments?post=17953"}],"version-history":[{"count":1,"href":"https:\/\/infozamoraec.com\/index.php\/wp-json\/wp\/v2\/posts\/17953\/revisions"}],"predecessor-version":[{"id":17955,"href":"https:\/\/infozamoraec.com\/index.php\/wp-json\/wp\/v2\/posts\/17953\/revisions\/17955"}],"wp:featuredmedia":[{"embeddable":true,"href":"https:\/\/infozamoraec.com\/index.php\/wp-json\/wp\/v2\/media\/17954"}],"wp:attachment":[{"href":"https:\/\/infozamoraec.com\/index.php\/wp-json\/wp\/v2\/media?parent=17953"}],"wp:term":[{"taxonomy":"category","embeddable":true,"href":"https:\/\/infozamoraec.com\/index.php\/wp-json\/wp\/v2\/categories?post=17953"},{"taxonomy":"post_tag","embeddable":true,"href":"https:\/\/infozamoraec.com\/index.php\/wp-json\/wp\/v2\/tags?post=17953"}],"curies":[{"name":"wp","href":"https:\/\/api.w.org\/{rel}","templated":true}]}}