{"id":17909,"date":"2025-12-10T22:14:25","date_gmt":"2025-12-10T22:14:25","guid":{"rendered":"https:\/\/infozamoraec.com\/?p=17909"},"modified":"2025-12-10T22:14:25","modified_gmt":"2025-12-10T22:14:25","slug":"petro-pide-un-gobierno-de-transicion-en-venezuela","status":"publish","type":"post","link":"https:\/\/infozamoraec.com\/index.php\/2025\/12\/10\/petro-pide-un-gobierno-de-transicion-en-venezuela\/","title":{"rendered":"Petro pide un \u00abgobierno de transici\u00f3n\u00bb en Venezuela"},"content":{"rendered":"<p>El presidente de Colombia, Gustavo Petro, dijo este mi\u00e9rcoles (10.12.2025) que Venezuela necesita una \u00abrevoluci\u00f3n democr\u00e1tica\u00bb y no \u00abrepresiones ineficientes\u00bb, el mismo d\u00eda de la ceremonia de premiaci\u00f3n del Nobel de la Paz 2026, ganado por la opositora venezolana Mar\u00eda Corina Machado.<\/p>\n<p>\u00abEs m\u00e1s democracia el problema de Venezuela y es hora de una amnist\u00eda general y de un gobierno de transici\u00f3n con la inclusi\u00f3n de todos\u00bb, escribi\u00f3 el mandatario izquierdista en la red social X, en un momento en el que Machado va camino a Oslo en un viaje secreto.<\/p>\n<p>Ana Corina Sosa Machado, hija de la galardonada, fue quien recibi\u00f3 en su lugar el Premio Nobel en Noruega con un emotivo discurso contra la \u00abdictadura brutal\u00bb del r\u00e9gimen de Nicol\u00e1s Maduro.<\/p>\n<p>\u00abEs con m\u00e1s democracia como se defiende un pa\u00eds\u00bb<br \/>\n\u00abMaduro debe entender que la respuesta a una agresi\u00f3n externa no es solo un alistamiento militar sino una revoluci\u00f3n democr\u00e1tica\u00bb, explic\u00f3 Petro en medio de la presi\u00f3n de Estados Unidos y su robusta ofensiva militar contra el narcotr\u00e1fico en el Caribe y el Pac\u00edfico.<\/p>\n<p>Es \u00abcon m\u00e1s democracia como se defiende un pa\u00eds, no con m\u00e1s represiones ineficientes\u00bb, agreg\u00f3.<\/p>\n<p>En agosto de 2024, el presidente colombiano ya hab\u00eda enviado un mensaje similar, en el que propuso levantar \u00abtodas las sanciones contra Venezuela\u00bb y una \u00abamnist\u00eda general nacional e internacional\u00bb.<\/p>\n<p>Petro ha mediado para la liberaci\u00f3n de presos pol\u00edticos en Venezuela, muchos de ellos colombianos encarcelados como \u00abmercenarios\u00bb. Seg\u00fan el recuento m\u00e1s reciente de la organizaci\u00f3n Foro Penal, en Venezuela hay casi 900 presos pol\u00edticos.<\/p>\n<p>rr afp\/efe<\/p>\n","protected":false},"excerpt":{"rendered":"<p>El presidente de Colombia, Gustavo Petro, dijo este mi\u00e9rcoles (10.12.2025) que Venezuela necesita una \u00abrevoluci\u00f3n democr\u00e1tica\u00bb y no \u00abrepresiones ineficientes\u00bb, el mismo d\u00eda de la ceremonia de premiaci\u00f3n del Nobel de la Paz 2026, ganado por la opositora venezolana Mar\u00eda Corina Machado. \u00abEs m\u00e1s democracia el problema de Venezuela y es hora de una amnist\u00eda [&hellip;]<\/p>\n","protected":false},"author":1,"featured_media":17910,"comment_status":"open","ping_status":"open","sticky":false,"template":"","format":"standard","meta":{"footnotes":""},"categories":[8],"tags":[],"_links":{"self":[{"href":"https:\/\/infozamoraec.com\/index.php\/wp-json\/wp\/v2\/posts\/17909"}],"collection":[{"href":"https:\/\/infozamoraec.com\/index.php\/wp-json\/wp\/v2\/posts"}],"about":[{"href":"https:\/\/infozamoraec.com\/index.php\/wp-json\/wp\/v2\/types\/post"}],"author":[{"embeddable":true,"href":"https:\/\/infozamoraec.com\/index.php\/wp-json\/wp\/v2\/users\/1"}],"replies":[{"embeddable":true,"href":"https:\/\/infozamoraec.com\/index.php\/wp-json\/wp\/v2\/comments?post=17909"}],"version-history":[{"count":1,"href":"https:\/\/infozamoraec.com\/index.php\/wp-json\/wp\/v2\/posts\/17909\/revisions"}],"predecessor-version":[{"id":17911,"href":"https:\/\/infozamoraec.com\/index.php\/wp-json\/wp\/v2\/posts\/17909\/revisions\/17911"}],"wp:featuredmedia":[{"embeddable":true,"href":"https:\/\/infozamoraec.com\/index.php\/wp-json\/wp\/v2\/media\/17910"}],"wp:attachment":[{"href":"https:\/\/infozamoraec.com\/index.php\/wp-json\/wp\/v2\/media?parent=17909"}],"wp:term":[{"taxonomy":"category","embeddable":true,"href":"https:\/\/infozamoraec.com\/index.php\/wp-json\/wp\/v2\/categories?post=17909"},{"taxonomy":"post_tag","embeddable":true,"href":"https:\/\/infozamoraec.com\/index.php\/wp-json\/wp\/v2\/tags?post=17909"}],"curies":[{"name":"wp","href":"https:\/\/api.w.org\/{rel}","templated":true}]}}