{"id":17906,"date":"2025-12-10T22:12:38","date_gmt":"2025-12-10T22:12:38","guid":{"rendered":"https:\/\/infozamoraec.com\/?p=17906"},"modified":"2025-12-10T22:12:38","modified_gmt":"2025-12-10T22:12:38","slug":"detienen-al-expresidente-luis-arce-por-presunta-corrupcion","status":"publish","type":"post","link":"https:\/\/infozamoraec.com\/index.php\/2025\/12\/10\/detienen-al-expresidente-luis-arce-por-presunta-corrupcion\/","title":{"rendered":"Detienen al expresidente Luis Arce por presunta corrupci\u00f3n"},"content":{"rendered":"<p>El expresidente boliviano\u00a0<a class=\"internal-link\" href=\"https:\/\/www.dw.com\/es\/arce-luis\/t-69497754\" target=\"_blank\" rel=\"noopener\">Luis Arce<\/a>\u00a0fue detenido este mi\u00e9rcoles (10.12.2025) y trasladado a celdas policiales en la ciudad de La Paz, al parecer por una investigaci\u00f3n por presunta corrupci\u00f3n, confirm\u00f3 su exministra de Presidencia, Mar\u00eda Nela Prada.<\/p>\n<p>\u00abQuiero denunciar ante el pueblo boliviano y ante la comunidad internacional que hace un momento acaban de secuestrar al expresidente Luis Arce en Sopocachi, barrio de La Paz\u00bb,\u00a0dijo la exfuncionaria en un video publicado en redes sociales.<\/p>\n<p>Asimismo, asegur\u00f3 que el exmandatario fue trasladado a instalaciones de Fuerza Especial de Lucha contra el Crimen (Felcc).<\/p>\n<p>Seg\u00fan medios locales, la detenci\u00f3n se debe a una investigaci\u00f3n abierta por el manejo del Fondo de Desarrollo Ind\u00edgena cuando Arce era ministro de Econom\u00eda y Finanzas P\u00fablicas en el gobierno de Evo Morales (2006-2019).<\/p>\n<p>Arce tambi\u00e9n tiene una causa abierta por una alta exfuncionaria que lo acusa de haberla embarazado y abandonado, aunque por el momento no se ha confirmado por qu\u00e9 caso fue detenido.<\/p>\n<p>La gesti\u00f3n del expresidente, del Movimiento al Socialismo (MAS), termin\u00f3 el pasado 8 de noviembre, cuando fue investido el centrista Rodrigo Paz. Antes de concluir su mandato, Arce asegur\u00f3 varias veces que no se ir\u00eda del pa\u00eds y que iba a volver a dar clases en la universidad.<\/p>\n<p>rr efe\/la raz\u00f3n\/erbol<\/p>\n<p>&nbsp;<\/p>\n","protected":false},"excerpt":{"rendered":"<p>El expresidente boliviano\u00a0Luis Arce\u00a0fue detenido este mi\u00e9rcoles (10.12.2025) y trasladado a celdas policiales en la ciudad de La Paz, al parecer por una investigaci\u00f3n por presunta corrupci\u00f3n, confirm\u00f3 su exministra de Presidencia, Mar\u00eda Nela Prada. \u00abQuiero denunciar ante el pueblo boliviano y ante la comunidad internacional que hace un momento acaban de secuestrar al expresidente [&hellip;]<\/p>\n","protected":false},"author":1,"featured_media":17907,"comment_status":"open","ping_status":"open","sticky":false,"template":"","format":"standard","meta":{"footnotes":""},"categories":[8],"tags":[],"_links":{"self":[{"href":"https:\/\/infozamoraec.com\/index.php\/wp-json\/wp\/v2\/posts\/17906"}],"collection":[{"href":"https:\/\/infozamoraec.com\/index.php\/wp-json\/wp\/v2\/posts"}],"about":[{"href":"https:\/\/infozamoraec.com\/index.php\/wp-json\/wp\/v2\/types\/post"}],"author":[{"embeddable":true,"href":"https:\/\/infozamoraec.com\/index.php\/wp-json\/wp\/v2\/users\/1"}],"replies":[{"embeddable":true,"href":"https:\/\/infozamoraec.com\/index.php\/wp-json\/wp\/v2\/comments?post=17906"}],"version-history":[{"count":1,"href":"https:\/\/infozamoraec.com\/index.php\/wp-json\/wp\/v2\/posts\/17906\/revisions"}],"predecessor-version":[{"id":17908,"href":"https:\/\/infozamoraec.com\/index.php\/wp-json\/wp\/v2\/posts\/17906\/revisions\/17908"}],"wp:featuredmedia":[{"embeddable":true,"href":"https:\/\/infozamoraec.com\/index.php\/wp-json\/wp\/v2\/media\/17907"}],"wp:attachment":[{"href":"https:\/\/infozamoraec.com\/index.php\/wp-json\/wp\/v2\/media?parent=17906"}],"wp:term":[{"taxonomy":"category","embeddable":true,"href":"https:\/\/infozamoraec.com\/index.php\/wp-json\/wp\/v2\/categories?post=17906"},{"taxonomy":"post_tag","embeddable":true,"href":"https:\/\/infozamoraec.com\/index.php\/wp-json\/wp\/v2\/tags?post=17906"}],"curies":[{"name":"wp","href":"https:\/\/api.w.org\/{rel}","templated":true}]}}