{"id":17903,"date":"2025-12-10T22:11:06","date_gmt":"2025-12-10T22:11:06","guid":{"rendered":"https:\/\/infozamoraec.com\/?p=17903"},"modified":"2025-12-10T22:11:06","modified_gmt":"2025-12-10T22:11:06","slug":"copa-extiende-suspension-de-vuelos-hacia-venezuela","status":"publish","type":"post","link":"https:\/\/infozamoraec.com\/index.php\/2025\/12\/10\/copa-extiende-suspension-de-vuelos-hacia-venezuela\/","title":{"rendered":"Copa extiende suspensi\u00f3n de vuelos hacia Venezuela"},"content":{"rendered":"<p>La aerol\u00ednea paname\u00f1a Copa extendi\u00f3 hasta el 18 de diciembre la suspensi\u00f3n de sus vuelos desde y hacia Venezuela, anunci\u00f3 la compa\u00f1\u00eda este mi\u00e9rcoles (10.12.2025), en medio del despliegue militar de Estados Unidos en el Caribe.<\/p>\n<p>Venezuela se encuentra pr\u00e1cticamente aislada debido a la cancelaci\u00f3n de vuelos por parte de una decena de aerol\u00edneas internacionales, incluida Copa y su empresa de bajo costo Wingo, que entraron en pausa el 5 de diciembre.<\/p>\n<p>La suspensi\u00f3n de vuelos se produjo en respuesta a una alerta de la autoridad aeron\u00e1utica estadounidense por un incremento de la actividad militar en el Caribe.<\/p>\n<p>Copa \u00abcontin\u00faa monitoreando y evaluando las condiciones necesarias para garantizar la seguridad operacional de sus vuelos a Venezuela\u00bb, se\u00f1al\u00f3 la aerol\u00ednea este mi\u00e9rcoles en un comunicado.<\/p>\n<p>Durante este per\u00edodo, la empresa \u00abha incrementado\u00bb sus vuelos hacia la ciudad colombiana de C\u00facuta, fronteriza con Venezuela, para atender la \u00abalta demanda de pasajeros\u00bb que tratan de viajar hacia y desde Venezuela con motivo de la temporada navide\u00f1a.<\/p>\n<p>rr afp\/efe<\/p>\n","protected":false},"excerpt":{"rendered":"<p>La aerol\u00ednea paname\u00f1a Copa extendi\u00f3 hasta el 18 de diciembre la suspensi\u00f3n de sus vuelos desde y hacia Venezuela, anunci\u00f3 la compa\u00f1\u00eda este mi\u00e9rcoles (10.12.2025), en medio del despliegue militar de Estados Unidos en el Caribe. Venezuela se encuentra pr\u00e1cticamente aislada debido a la cancelaci\u00f3n de vuelos por parte de una decena de aerol\u00edneas internacionales, [&hellip;]<\/p>\n","protected":false},"author":1,"featured_media":17904,"comment_status":"open","ping_status":"open","sticky":false,"template":"","format":"standard","meta":{"footnotes":""},"categories":[8],"tags":[],"_links":{"self":[{"href":"https:\/\/infozamoraec.com\/index.php\/wp-json\/wp\/v2\/posts\/17903"}],"collection":[{"href":"https:\/\/infozamoraec.com\/index.php\/wp-json\/wp\/v2\/posts"}],"about":[{"href":"https:\/\/infozamoraec.com\/index.php\/wp-json\/wp\/v2\/types\/post"}],"author":[{"embeddable":true,"href":"https:\/\/infozamoraec.com\/index.php\/wp-json\/wp\/v2\/users\/1"}],"replies":[{"embeddable":true,"href":"https:\/\/infozamoraec.com\/index.php\/wp-json\/wp\/v2\/comments?post=17903"}],"version-history":[{"count":1,"href":"https:\/\/infozamoraec.com\/index.php\/wp-json\/wp\/v2\/posts\/17903\/revisions"}],"predecessor-version":[{"id":17905,"href":"https:\/\/infozamoraec.com\/index.php\/wp-json\/wp\/v2\/posts\/17903\/revisions\/17905"}],"wp:featuredmedia":[{"embeddable":true,"href":"https:\/\/infozamoraec.com\/index.php\/wp-json\/wp\/v2\/media\/17904"}],"wp:attachment":[{"href":"https:\/\/infozamoraec.com\/index.php\/wp-json\/wp\/v2\/media?parent=17903"}],"wp:term":[{"taxonomy":"category","embeddable":true,"href":"https:\/\/infozamoraec.com\/index.php\/wp-json\/wp\/v2\/categories?post=17903"},{"taxonomy":"post_tag","embeddable":true,"href":"https:\/\/infozamoraec.com\/index.php\/wp-json\/wp\/v2\/tags?post=17903"}],"curies":[{"name":"wp","href":"https:\/\/api.w.org\/{rel}","templated":true}]}}