{"id":17869,"date":"2025-12-10T01:48:12","date_gmt":"2025-12-10T01:48:12","guid":{"rendered":"https:\/\/infozamoraec.com\/?p=17869"},"modified":"2025-12-10T01:48:12","modified_gmt":"2025-12-10T01:48:12","slug":"el-salvador-juzgara-a-militares-por-masacre-ocurrida-en-1981","status":"publish","type":"post","link":"https:\/\/infozamoraec.com\/index.php\/2025\/12\/10\/el-salvador-juzgara-a-militares-por-masacre-ocurrida-en-1981\/","title":{"rendered":"El Salvador juzgar\u00e1 a militares por masacre ocurrida en 1981"},"content":{"rendered":"<p>Un grupo de militares de El Salvador ser\u00e1 enjuiciado por la masacre de casi mil civiles en 1981 en el marco de la ofensiva del Estado contra las guerrillas de izquierda, inform\u00f3 el martes (09.12.2025) una organizaci\u00f3n que representa a las v\u00edctimas.<\/p>\n<p>Soldados del Batall\u00f3n Atlacatl ejecutaron a tiros a 986 personas, incluidos 558 ni\u00f1os, en hechos ocurridos en El Mozote (noreste) y comunidades vecinas entre el 9 y el 13 de diciembre de 1981.<\/p>\n<p>Las v\u00edctimas fueron acusadas de colaborar con el izquierdista Frente Farabundo Mart\u00ed para la Liberaci\u00f3n Nacional (FMLN).<\/p>\n<p>Trece de los presuntos asesinos fueron enviados a juicio, seg\u00fan una resoluci\u00f3n emitida el pasado 26 de noviembre por el juzgado de Instrucci\u00f3n de la ciudad de San Francisco Gotera, inform\u00f3 en un comunicado la oeneg\u00e9 Cristosal.<\/p>\n<p>De momento \u00abno se ha establecido la fecha\u00bb de inicio del juicio, se\u00f1al\u00f3 a la AFP un portavoz de esa organizaci\u00f3n.<\/p>\n<p>La medida a\u00fan puede ser apelada por la defensa de los militares, explic\u00f3 Cristosal, que en julio pasado decidi\u00f3 suspender operaciones en El Salvador y trasladarse a Guatemala aduciendo una persecuci\u00f3n del presidente salvadore\u00f1o, Nayib Bukele.<\/p>\n<p>Seg\u00fan Cristosal, por el caso ser\u00e1n juzgados el exministro de Defensa Guillermo Garc\u00eda y otros 12 oficiales bajo cargos de asesinato y violaci\u00f3n.<\/p>\n<p>Garc\u00eda, junto a otros dos exjefes militares, fue condenado en julio pasado a 60 a\u00f1os de c\u00e1rcel por el asesinato de cuatro periodistas neerlandeses, ocurrido en marzo de 1982 en el marco de la llamada guerra civil (1980-1992).<\/p>\n<p>No obstante, los tres imputados solo tendr\u00e1n que cumplir 30 a\u00f1os de c\u00e1rcel por ser la pena m\u00e1xima que establec\u00eda la ley penal en la \u00e9poca de los hechos.<\/p>\n<p>El avance del caso de El Mozote \u00abha sido posible gracias a la fundamental prueba testimonial brindada de forma valiente\u00bb por los sobrevivientes de la matanza y peritajes forenses, indic\u00f3 Cristosal, que denuncia una \u00abescalada represiva\u00bb del gobierno de Bukele contra activistas humanitarios.<\/p>\n<p>gs (afp, efe)<\/p>\n<p>&nbsp;<\/p>\n","protected":false},"excerpt":{"rendered":"<p>Un grupo de militares de El Salvador ser\u00e1 enjuiciado por la masacre de casi mil civiles en 1981 en el marco de la ofensiva del Estado contra las guerrillas de izquierda, inform\u00f3 el martes (09.12.2025) una organizaci\u00f3n que representa a las v\u00edctimas. Soldados del Batall\u00f3n Atlacatl ejecutaron a tiros a 986 personas, incluidos 558 ni\u00f1os, [&hellip;]<\/p>\n","protected":false},"author":1,"featured_media":17870,"comment_status":"open","ping_status":"open","sticky":false,"template":"","format":"standard","meta":{"footnotes":""},"categories":[8],"tags":[],"_links":{"self":[{"href":"https:\/\/infozamoraec.com\/index.php\/wp-json\/wp\/v2\/posts\/17869"}],"collection":[{"href":"https:\/\/infozamoraec.com\/index.php\/wp-json\/wp\/v2\/posts"}],"about":[{"href":"https:\/\/infozamoraec.com\/index.php\/wp-json\/wp\/v2\/types\/post"}],"author":[{"embeddable":true,"href":"https:\/\/infozamoraec.com\/index.php\/wp-json\/wp\/v2\/users\/1"}],"replies":[{"embeddable":true,"href":"https:\/\/infozamoraec.com\/index.php\/wp-json\/wp\/v2\/comments?post=17869"}],"version-history":[{"count":1,"href":"https:\/\/infozamoraec.com\/index.php\/wp-json\/wp\/v2\/posts\/17869\/revisions"}],"predecessor-version":[{"id":17871,"href":"https:\/\/infozamoraec.com\/index.php\/wp-json\/wp\/v2\/posts\/17869\/revisions\/17871"}],"wp:featuredmedia":[{"embeddable":true,"href":"https:\/\/infozamoraec.com\/index.php\/wp-json\/wp\/v2\/media\/17870"}],"wp:attachment":[{"href":"https:\/\/infozamoraec.com\/index.php\/wp-json\/wp\/v2\/media?parent=17869"}],"wp:term":[{"taxonomy":"category","embeddable":true,"href":"https:\/\/infozamoraec.com\/index.php\/wp-json\/wp\/v2\/categories?post=17869"},{"taxonomy":"post_tag","embeddable":true,"href":"https:\/\/infozamoraec.com\/index.php\/wp-json\/wp\/v2\/tags?post=17869"}],"curies":[{"name":"wp","href":"https:\/\/api.w.org\/{rel}","templated":true}]}}