{"id":1786,"date":"2024-03-17T15:43:20","date_gmt":"2024-03-17T15:43:20","guid":{"rendered":"https:\/\/infozamoraec.com\/?p=1786"},"modified":"2024-03-17T15:45:59","modified_gmt":"2024-03-17T15:45:59","slug":"104-jovenes-de-pueblos-y-nacionalidades-indigenas-del-ecuador-se-graduan-como-policias-tecnicos-operativos-en-napo","status":"publish","type":"post","link":"https:\/\/infozamoraec.com\/index.php\/2024\/03\/17\/104-jovenes-de-pueblos-y-nacionalidades-indigenas-del-ecuador-se-graduan-como-policias-tecnicos-operativos-en-napo\/","title":{"rendered":"104 j\u00f3venes de pueblos y  nacionalidades ind\u00edgenas del Ecuador, se grad\u00faan como polic\u00edas t\u00e9cnicos  operativos en Napo"},"content":{"rendered":"<p><span style=\"font-weight: 400;\">El reciente\u00a0 viernes 15 de marzo, en el Coliseo de la Federaci\u00f3n Deportiva de Napo, 104 j\u00f3venes de diferentes pueblos y nacionalidades ind\u00edgenas del Ecuador, participaron\u00a0 de una ceremonia simb\u00f3lica de graduaci\u00f3n, como t\u00e9cnicos operativos, quienes ingresan a las filas policiales para reforzar los ejes: preventivo, investigativo y de\u00a0 inteligencia a nivel nacional.\u00a0<\/span><\/p>\n<p><span style=\"font-weight: 400;\">Estos j\u00f3venes que ingresaron a la Escuela de Formaci\u00f3n de Polic\u00edas de la Subzona\u00a0 Napo, el pasado junio de 2023, se han formado con la ilusi\u00f3n de servir a su\u00a0 comunidad, atr\u00e1s dejar\u00e1n las aulas, los trotes matutinos, la preparaci\u00f3n f\u00edsica y\u00a0 acad\u00e9mica. Hoy pasan a integrar los diferentes Comandos Policiales Subzonales\u00a0 a nivel nacional, donde pondr\u00e1n en pr\u00e1ctica lo aprehendido durante estos 8 meses\u00a0 de formaci\u00f3n.<\/span><\/p>\n<p><span style=\"font-weight: 400;\">Los nuevos polic\u00edas provienen de diversos pueblos y nacionalidades: 81 son de\u00a0 etnia Kichua, 17 de nacionalidad Shuar, 02 de nacionalidad Aw\u00e1, 02 de\u00a0 nacionalidad Waorani, 01 de nacionalidad Cof\u00e1n y 01 Chibuleo de Ambato, <\/span>Morona Santiago, Zamora Chinchipe y Tungurahua. Estos J\u00f3venes han recibido\u00a0 una preparaci\u00f3n integral que abarca aspectos f\u00edsicos, psicol\u00f3gicos y acad\u00e9micos,\u00a0 basando su formaci\u00f3n en valores \u00e9ticos y morales, respeto a las leyes y derechos\u00a0 humanos.<\/p>\n<p><span style=\"font-weight: 400;\">Los uniformados forman parte de la D\u00e9cima Primera Cohorte, promoci\u00f3n que lleva\u00a0 el nombre de \u201cCbos. Songor Tapia Ver\u00f3nica Mireya 2023-2024\u201d verdadera hero\u00edna\u00a0 nacional y s\u00edmbolo de paz que ofrend\u00f3 su vida en el sector de la Nueva Prosperina\u00a0 2 en Guayaquil, el 9 de octubre de 2022, durante un ataque perpetrado por\u00a0 delincuentes contra la Unidad de Polic\u00eda Comunitaria (UPC), Ver\u00f3nica Songor (+),\u00a0 fue alcanzada por varios disparos.\u00a0<\/span><\/p>\n<p><span style=\"font-weight: 400;\">En esta esta ceremonia simb\u00f3lica se entreg\u00f3 felicitaciones a las 3 primeras\u00a0 antig\u00fcedades de la Escuela de Formaci\u00f3n de Polic\u00edas de la SZ Napo, que recay\u00f3\u00a0 en los se\u00f1ores Polic\u00edas Nacionales:\u00a0<\/span><\/p>\n<p><span style=\"font-weight: 400;\">\u2219 <\/span><span style=\"font-weight: 400;\">David Licuy Aguinda, Primera antig\u00fcedad\u00a0<\/span><\/p>\n<p><span style=\"font-weight: 400;\">\u2219 <\/span><span style=\"font-weight: 400;\">Danny Consatante Mamallacta, Segunda antig\u00fcedad\u00a0<\/span><\/p>\n<p><span style=\"font-weight: 400;\">\u2219 <\/span><span style=\"font-weight: 400;\">Nelson Chimbo Shiguango, Tercera antig\u00fcedad<\/span><\/p>\n<p><span style=\"font-weight: 400;\">En la ceremonia intervino Marlene Cabrera, Gobernadora de la\u00a0 Provincia del Napo, quien manifest\u00f3 que los nuevos polic\u00edas son el orgullo de la\u00a0 Amazon\u00eda y que su presencia representa un paso adelante en la construcci\u00f3n del\u00a0 nuevo Ecuador, les conmin\u00f3 a asumir sus roles como guardianes de la ley,\u00a0 convirti\u00e9ndose en ejemplos vivos de esfuerzo y sacrificio. Les anim\u00f3 a que se\u00a0 sientan orgullosos de su elecci\u00f3n y del camino que han decidido recorrer, indicando\u00a0 que la labor como polic\u00edas ser\u00e1 fundamental para garantizar la seguridad de sus\u00a0 comunidades.\u00a0<\/span><\/p>\n<p><span style=\"font-weight: 400;\">Por su parte el\u00a0 Coronel de Polic\u00eda de E.M. Jos\u00e9 Alejandro Vargas Alzamora,\u00a0 Director Nacional de Educaci\u00f3n de la Polic\u00eda Nacional, indic\u00f3 que con la\u00a0 incorporaci\u00f3n de los nuevos polic\u00edas de pueblos y nacionalidades se demuestra el\u00a0 respeto que la instituci\u00f3n les tiene a los pueblos y nacionalidades del Ecuador, con\u00a0 ello se trata de restaurar la cultura, la fuerza y la cosmogon\u00eda: \u201cintentamos que lo\u00a0 nuevos polic\u00edas trabajen cerca de su comunidad, queremos que no olviden sus\u00a0<\/span><\/p>\n<p><span style=\"font-weight: 400;\">or\u00edgenes, sus saberes ancestrales\u201d. Les invit\u00f3 a mantener inc\u00f3lume su honestidad,\u00a0 sin manchar el uniforme policial, a honrar a sus familias, a nuestros h\u00e9roes\u00a0 policiales que han perecido en la lucha por la paz.\u00a0<\/span><\/p>\n<p><span style=\"font-weight: 400;\">De la misma manera el Sr. Charip, Ankuash Grefa, Representante de la\u00a0 Nacionalidad Shuar, indic\u00f3 que el pa\u00eds que tenemos es un pa\u00eds pluricultural y\u00a0 multi\u00e9tnico, por tanto, exhort\u00f3 a los nuevos polic\u00edas a construir un nuevo Ecuador,\u00a0 un camino de desarrollo familiar y de servicio al pr\u00f3jimo.\u00a0<\/span><\/p>\n<p><span style=\"font-weight: 400;\">Auguramos \u00e9xitos a los nuevos polic\u00edas, que su compromiso con la justicia, la\u00a0 seguridad y la paz, inspire a nuevas generaciones, para luchar con valent\u00eda por\u00a0 conseguir el pa\u00eds que queremos. \/Comunicaci\u00f3n Estrat\u00e9gica-Z2<\/span><\/p>\n","protected":false},"excerpt":{"rendered":"<p>El reciente\u00a0 viernes 15 de marzo, en el Coliseo de la Federaci\u00f3n Deportiva de Napo, 104 j\u00f3venes de diferentes pueblos y nacionalidades ind\u00edgenas del Ecuador, participaron\u00a0 de una ceremonia simb\u00f3lica de graduaci\u00f3n, como t\u00e9cnicos operativos, quienes ingresan a las filas policiales para reforzar los ejes: preventivo, investigativo y de\u00a0 inteligencia a nivel nacional.\u00a0 Estos j\u00f3venes [&hellip;]<\/p>\n","protected":false},"author":1,"featured_media":1787,"comment_status":"open","ping_status":"open","sticky":false,"template":"","format":"standard","meta":{"footnotes":""},"categories":[12],"tags":[],"_links":{"self":[{"href":"https:\/\/infozamoraec.com\/index.php\/wp-json\/wp\/v2\/posts\/1786"}],"collection":[{"href":"https:\/\/infozamoraec.com\/index.php\/wp-json\/wp\/v2\/posts"}],"about":[{"href":"https:\/\/infozamoraec.com\/index.php\/wp-json\/wp\/v2\/types\/post"}],"author":[{"embeddable":true,"href":"https:\/\/infozamoraec.com\/index.php\/wp-json\/wp\/v2\/users\/1"}],"replies":[{"embeddable":true,"href":"https:\/\/infozamoraec.com\/index.php\/wp-json\/wp\/v2\/comments?post=1786"}],"version-history":[{"count":1,"href":"https:\/\/infozamoraec.com\/index.php\/wp-json\/wp\/v2\/posts\/1786\/revisions"}],"predecessor-version":[{"id":1788,"href":"https:\/\/infozamoraec.com\/index.php\/wp-json\/wp\/v2\/posts\/1786\/revisions\/1788"}],"wp:featuredmedia":[{"embeddable":true,"href":"https:\/\/infozamoraec.com\/index.php\/wp-json\/wp\/v2\/media\/1787"}],"wp:attachment":[{"href":"https:\/\/infozamoraec.com\/index.php\/wp-json\/wp\/v2\/media?parent=1786"}],"wp:term":[{"taxonomy":"category","embeddable":true,"href":"https:\/\/infozamoraec.com\/index.php\/wp-json\/wp\/v2\/categories?post=1786"},{"taxonomy":"post_tag","embeddable":true,"href":"https:\/\/infozamoraec.com\/index.php\/wp-json\/wp\/v2\/tags?post=1786"}],"curies":[{"name":"wp","href":"https:\/\/api.w.org\/{rel}","templated":true}]}}