{"id":17845,"date":"2025-12-10T01:26:38","date_gmt":"2025-12-10T01:26:38","guid":{"rendered":"https:\/\/infozamoraec.com\/?p=17845"},"modified":"2025-12-10T01:26:38","modified_gmt":"2025-12-10T01:26:38","slug":"merito-ciudadano-gad-zamora-entrega-reconocimiento-a-la-lic-glenda-elizabeth-acaro-jimenez","status":"publish","type":"post","link":"https:\/\/infozamoraec.com\/index.php\/2025\/12\/10\/merito-ciudadano-gad-zamora-entrega-reconocimiento-a-la-lic-glenda-elizabeth-acaro-jimenez\/","title":{"rendered":"M\u00e9rito Ciudadano: GAD Zamora entrega reconocimiento a la Lic. Glenda Elizabeth Acaro Jim\u00e9nez."},"content":{"rendered":"<p>La tarde del martes 9 de diciembre de 2025, durante la Sesi\u00f3n de Concejo del GAD Municipal de Zamora, el alcalde Manuel Gonz\u00e1lez, junto a la vicealcaldesa Blanca Carri\u00f3n y los concejales del cant\u00f3n, entregaron un reconocimiento a la Lic. Glenda Elizabeth Acaro Jim\u00e9nez, concejal alterna de Ximena Monta\u00f1o, por haber obtenido el t\u00edtulo profesional en Turismo del Ecuador con discapacidad visual.<\/p>\n<p>Este logro marca un precedente hist\u00f3rico para la educaci\u00f3n superior del pa\u00eds y constituye un ejemplo de perseverancia, inclusi\u00f3n y fortaleza. Glenda demuestra que no existen barreras cuando la voluntad, la disciplina y el compromiso superan cualquier desaf\u00edo.<\/p>\n<p>Durante el acto, Glenda Acaro, concejal alterna, expres\u00f3 su agradecimiento a las autoridades por este reconocimiento. \u201cEste reconocimiento no es solo para m\u00ed, es para todos los ni\u00f1os y j\u00f3venes que actualmente est\u00e1n estudiando con la esperanza de construir un mejor futuro\u201d, se\u00f1al\u00f3.<\/p>\n<p>Asimismo, hizo un llamado a las instituciones y autoridades para que contin\u00faen generando oportunidades de estudio y empleo para las personas con discapacidad. \u201cNuestro objetivo es tener un futuro digno y oportunidades que valoren nuestras capacidades\u201d, a\u00f1adi\u00f3.<\/p>\n<p>Por su parte, el alcalde Manuel Gonz\u00e1lez destac\u00f3 el orgullo del GAD Municipal ante este importante logro profesional. \u201cEstamos orgullosos y podemos decir que en Zamora contamos con una de las primeras profesionales con discapacidad visual en el campo del Turismo\u201d, puntualiz\u00f3 Gonz\u00e1lez.<\/p>\n","protected":false},"excerpt":{"rendered":"<p>La tarde del martes 9 de diciembre de 2025, durante la Sesi\u00f3n de Concejo del GAD Municipal de Zamora, el alcalde Manuel Gonz\u00e1lez, junto a la vicealcaldesa Blanca Carri\u00f3n y los concejales del cant\u00f3n, entregaron un reconocimiento a la Lic. Glenda Elizabeth Acaro Jim\u00e9nez, concejal alterna de Ximena Monta\u00f1o, por haber obtenido el t\u00edtulo profesional [&hellip;]<\/p>\n","protected":false},"author":1,"featured_media":17846,"comment_status":"open","ping_status":"open","sticky":false,"template":"","format":"standard","meta":{"footnotes":""},"categories":[9],"tags":[],"_links":{"self":[{"href":"https:\/\/infozamoraec.com\/index.php\/wp-json\/wp\/v2\/posts\/17845"}],"collection":[{"href":"https:\/\/infozamoraec.com\/index.php\/wp-json\/wp\/v2\/posts"}],"about":[{"href":"https:\/\/infozamoraec.com\/index.php\/wp-json\/wp\/v2\/types\/post"}],"author":[{"embeddable":true,"href":"https:\/\/infozamoraec.com\/index.php\/wp-json\/wp\/v2\/users\/1"}],"replies":[{"embeddable":true,"href":"https:\/\/infozamoraec.com\/index.php\/wp-json\/wp\/v2\/comments?post=17845"}],"version-history":[{"count":2,"href":"https:\/\/infozamoraec.com\/index.php\/wp-json\/wp\/v2\/posts\/17845\/revisions"}],"predecessor-version":[{"id":17848,"href":"https:\/\/infozamoraec.com\/index.php\/wp-json\/wp\/v2\/posts\/17845\/revisions\/17848"}],"wp:featuredmedia":[{"embeddable":true,"href":"https:\/\/infozamoraec.com\/index.php\/wp-json\/wp\/v2\/media\/17846"}],"wp:attachment":[{"href":"https:\/\/infozamoraec.com\/index.php\/wp-json\/wp\/v2\/media?parent=17845"}],"wp:term":[{"taxonomy":"category","embeddable":true,"href":"https:\/\/infozamoraec.com\/index.php\/wp-json\/wp\/v2\/categories?post=17845"},{"taxonomy":"post_tag","embeddable":true,"href":"https:\/\/infozamoraec.com\/index.php\/wp-json\/wp\/v2\/tags?post=17845"}],"curies":[{"name":"wp","href":"https:\/\/api.w.org\/{rel}","templated":true}]}}