{"id":17839,"date":"2025-12-10T01:23:04","date_gmt":"2025-12-10T01:23:04","guid":{"rendered":"https:\/\/infozamoraec.com\/?p=17839"},"modified":"2025-12-10T01:23:04","modified_gmt":"2025-12-10T01:23:04","slug":"paquisha-impulsa-capacitacion-para-emprendedores","status":"publish","type":"post","link":"https:\/\/infozamoraec.com\/index.php\/2025\/12\/10\/paquisha-impulsa-capacitacion-para-emprendedores\/","title":{"rendered":"Paquisha  impulsa  capacitaci\u00f3n para emprendedores"},"content":{"rendered":"<p><i>El Gobierno Aut\u00f3nomo Descentralizado Municipal de Paquisha, en coordinaci\u00f3n con Agrozach\u00edn, desarroll\u00f3 una capacitaci\u00f3n sobre la elaboraci\u00f3n de yogurt griego, yogurt natural y manjares, con el objetivo de fortalecer las oportunidades de emprendimiento en el cant\u00f3n.<\/i><\/p>\n<p>Tras un sondeo ciudadano, la vicealcaldesa\u00a0<strong>Mar\u00eda Vel\u00e1squez,<\/strong>\u00a0organiz\u00f3 este taller como un espacio de formaci\u00f3n para quienes buscan generar nuevos ingresos. \u201cEstamos constantemente buscando oportunidades de aprendizaje para nuestra ciudadan\u00eda. Conocimos el programa de capacitaciones de Agrozach\u00edn y gestionamos su llegada a Paquisha. Hemos dado un primer paso importante\u201d, manifest\u00f3 la autoridad.<\/p>\n<p>Durante tres d\u00edas, en jornadas intensivas, las participantes aprendieron sobre procesos de preparaci\u00f3n, uso de materia prima, tiempos de cocci\u00f3n y t\u00e9cnicas para obtener productos con la calidad y sabor deseados.<\/p>\n<p>\u201cMe voy muy satisfecha porque ahora podemos preparar estos alimentos para nuestro hogar y tambi\u00e9n para emprender, lo que significa un ingreso econ\u00f3mico necesario. Agradezco a la Alcald\u00eda por impulsar estos talleres que nos permiten aprender y hacer nuevas amistades\u201d, expres\u00f3\u00a0<strong>Virginia Jima<\/strong>, una de las participantes.<\/p>\n<p>El lunes 08 de diciembre, las asistentes recibieron sus certificados de aprobaci\u00f3n y realizaron una demostraci\u00f3n de los productos elaborados. Adem\u00e1s, manifestaron su inter\u00e9s en conformar una asociaci\u00f3n que fortalezca su trabajo y conocimientos.<br \/>\n\u201cMe gustar\u00eda mucho, en un futuro, emprender en grupo con mis compa\u00f1eras, porque de nada sirve aprender y no poner en pr\u00e1ctica lo adquirido\u201d, se\u00f1al\u00f3\u00a0<strong>Janeth Aguilar<\/strong><b>,<\/b>\u00a0participante de la capacitaci\u00f3n.<\/p>\n<p>La vicealcaldesa agradeci\u00f3 a Agrozach\u00edn por su apoyo y ratific\u00f3 su compromiso de continuar gestionando este tipo de iniciativas. Finalmente, el Procurador S\u00edndico del GAD Municipal, presente en el evento de clausura, explic\u00f3 el acompa\u00f1amiento jur\u00eddico, comunicacional y t\u00e9cnico que la instituci\u00f3n brindar\u00e1 a quienes decidan organizarse formalmente.<\/p>\n","protected":false},"excerpt":{"rendered":"<p>El Gobierno Aut\u00f3nomo Descentralizado Municipal de Paquisha, en coordinaci\u00f3n con Agrozach\u00edn, desarroll\u00f3 una capacitaci\u00f3n sobre la elaboraci\u00f3n de yogurt griego, yogurt natural y manjares, con el objetivo de fortalecer las oportunidades de emprendimiento en el cant\u00f3n. Tras un sondeo ciudadano, la vicealcaldesa\u00a0Mar\u00eda Vel\u00e1squez,\u00a0organiz\u00f3 este taller como un espacio de formaci\u00f3n para quienes buscan generar nuevos [&hellip;]<\/p>\n","protected":false},"author":1,"featured_media":17840,"comment_status":"open","ping_status":"open","sticky":false,"template":"","format":"standard","meta":{"footnotes":""},"categories":[9],"tags":[],"_links":{"self":[{"href":"https:\/\/infozamoraec.com\/index.php\/wp-json\/wp\/v2\/posts\/17839"}],"collection":[{"href":"https:\/\/infozamoraec.com\/index.php\/wp-json\/wp\/v2\/posts"}],"about":[{"href":"https:\/\/infozamoraec.com\/index.php\/wp-json\/wp\/v2\/types\/post"}],"author":[{"embeddable":true,"href":"https:\/\/infozamoraec.com\/index.php\/wp-json\/wp\/v2\/users\/1"}],"replies":[{"embeddable":true,"href":"https:\/\/infozamoraec.com\/index.php\/wp-json\/wp\/v2\/comments?post=17839"}],"version-history":[{"count":1,"href":"https:\/\/infozamoraec.com\/index.php\/wp-json\/wp\/v2\/posts\/17839\/revisions"}],"predecessor-version":[{"id":17841,"href":"https:\/\/infozamoraec.com\/index.php\/wp-json\/wp\/v2\/posts\/17839\/revisions\/17841"}],"wp:featuredmedia":[{"embeddable":true,"href":"https:\/\/infozamoraec.com\/index.php\/wp-json\/wp\/v2\/media\/17840"}],"wp:attachment":[{"href":"https:\/\/infozamoraec.com\/index.php\/wp-json\/wp\/v2\/media?parent=17839"}],"wp:term":[{"taxonomy":"category","embeddable":true,"href":"https:\/\/infozamoraec.com\/index.php\/wp-json\/wp\/v2\/categories?post=17839"},{"taxonomy":"post_tag","embeddable":true,"href":"https:\/\/infozamoraec.com\/index.php\/wp-json\/wp\/v2\/tags?post=17839"}],"curies":[{"name":"wp","href":"https:\/\/api.w.org\/{rel}","templated":true}]}}