{"id":17836,"date":"2025-12-09T03:06:00","date_gmt":"2025-12-09T03:06:00","guid":{"rendered":"https:\/\/infozamoraec.com\/?p=17836"},"modified":"2025-12-09T03:06:00","modified_gmt":"2025-12-09T03:06:00","slug":"hostilidades-entre-tailandia-y-camboya-dejan-cinco-muertos","status":"publish","type":"post","link":"https:\/\/infozamoraec.com\/index.php\/2025\/12\/09\/hostilidades-entre-tailandia-y-camboya-dejan-cinco-muertos\/","title":{"rendered":"Hostilidades entre Tailandia y Camboya dejan cinco muertos"},"content":{"rendered":"<p>Tailandia lanz\u00f3 ataques a\u00e9reos en la frontera con Camboya en nuevos enfrentamientos entre estos dos vecinos que dejaron un soldado tailand\u00e9s y cuatro civiles camboyanos muertos, seg\u00fan informaron este lunes (08.12.2025) fuentes de ambos pa\u00edses.<\/p>\n<p>Los dos pa\u00edses del sureste asi\u00e1tico, con disputas fronterizas desde hace d\u00e9cadas, mantuvieron cinco d\u00edas de combates en julio que dejaron 43 muertos y unos 300.000 desplazados antes de la entrada en vigor de una tregua.<\/p>\n<p>Este alto al fuego se ratific\u00f3 en un acuerdo a finales de octubre, pero suspendido por Tailandia semanas despu\u00e9s por el estallido de una mina que hiri\u00f3 a varios soldados.<\/p>\n<p>Desde entonces, ambas partes han reportado escaramuzas espor\u00e1dicas en la frontera, que arreciaron el domingo y el lunes.<\/p>\n<p>El ministro de Informaci\u00f3n de Camboya, Neth Pheaktra, report\u00f3 cuatro civiles muertos y diez heridos por ataques en las provincias de Oddar Meanchey y Preah Vihear.<\/p>\n<p>\u00c9xodo de civiles<br \/>\nLas nuevas hostilidades provocaron la huida de miles de civiles en ambos lados de la frontera.<\/p>\n<p>\u00abLa aldea nos pidi\u00f3 evacuar y, dado lo que ocurri\u00f3 en julio, acat\u00e9 inmediatamente\u00bb, declar\u00f3 la tailandesa Tannarat Woratham, de 59 a\u00f1os, que abandon\u00f3 el domingo su casa a pocos kil\u00f3metros de la frontera con Camboya.<\/p>\n<p>\u00abMuchos pens\u00e1bamos que el conflicto se hab\u00eda terminado. No deber\u00eda haber ocurrido de nuevo\u00bb, lament\u00f3.<\/p>\n<p>La Uni\u00f3n Europea pidi\u00f3 el lunes a los dos pa\u00edses \u00abejercer la m\u00e1xima moderaci\u00f3n\u00bb, mientras que el secretario general de la ONU, Antonio Guterres, inst\u00f3 a ambas partes a \u00abrenovar su compromiso con el alto el fuego\u00bb negociado a principios de este a\u00f1o, inform\u00f3 su portavoz.<\/p>\n<p>El Comit\u00e9 Internacional de la Cruz Roja (CICR) tambi\u00e9n lanz\u00f3 un llamamiento urgente a la moderaci\u00f3n y a la distensi\u00f3n.<\/p>\n<p>\u00abTodas las partes deben cumplir sus obligaciones en virtud del derecho internacional humanitario, cuyo objetivo es limitar los da\u00f1os a la poblaci\u00f3n, en particular la p\u00e9rdida de vidas civiles y los da\u00f1os a bienes de car\u00e1cter civil, incluidas las infraestructuras esenciales\u00bb, record\u00f3 la organizaci\u00f3n humanitaria.<\/p>\n","protected":false},"excerpt":{"rendered":"<p>Tailandia lanz\u00f3 ataques a\u00e9reos en la frontera con Camboya en nuevos enfrentamientos entre estos dos vecinos que dejaron un soldado tailand\u00e9s y cuatro civiles camboyanos muertos, seg\u00fan informaron este lunes (08.12.2025) fuentes de ambos pa\u00edses. Los dos pa\u00edses del sureste asi\u00e1tico, con disputas fronterizas desde hace d\u00e9cadas, mantuvieron cinco d\u00edas de combates en julio que [&hellip;]<\/p>\n","protected":false},"author":1,"featured_media":17837,"comment_status":"open","ping_status":"open","sticky":false,"template":"","format":"standard","meta":{"footnotes":""},"categories":[8],"tags":[],"_links":{"self":[{"href":"https:\/\/infozamoraec.com\/index.php\/wp-json\/wp\/v2\/posts\/17836"}],"collection":[{"href":"https:\/\/infozamoraec.com\/index.php\/wp-json\/wp\/v2\/posts"}],"about":[{"href":"https:\/\/infozamoraec.com\/index.php\/wp-json\/wp\/v2\/types\/post"}],"author":[{"embeddable":true,"href":"https:\/\/infozamoraec.com\/index.php\/wp-json\/wp\/v2\/users\/1"}],"replies":[{"embeddable":true,"href":"https:\/\/infozamoraec.com\/index.php\/wp-json\/wp\/v2\/comments?post=17836"}],"version-history":[{"count":1,"href":"https:\/\/infozamoraec.com\/index.php\/wp-json\/wp\/v2\/posts\/17836\/revisions"}],"predecessor-version":[{"id":17838,"href":"https:\/\/infozamoraec.com\/index.php\/wp-json\/wp\/v2\/posts\/17836\/revisions\/17838"}],"wp:featuredmedia":[{"embeddable":true,"href":"https:\/\/infozamoraec.com\/index.php\/wp-json\/wp\/v2\/media\/17837"}],"wp:attachment":[{"href":"https:\/\/infozamoraec.com\/index.php\/wp-json\/wp\/v2\/media?parent=17836"}],"wp:term":[{"taxonomy":"category","embeddable":true,"href":"https:\/\/infozamoraec.com\/index.php\/wp-json\/wp\/v2\/categories?post=17836"},{"taxonomy":"post_tag","embeddable":true,"href":"https:\/\/infozamoraec.com\/index.php\/wp-json\/wp\/v2\/tags?post=17836"}],"curies":[{"name":"wp","href":"https:\/\/api.w.org\/{rel}","templated":true}]}}