{"id":17829,"date":"2025-12-09T03:01:44","date_gmt":"2025-12-09T03:01:44","guid":{"rendered":"https:\/\/infozamoraec.com\/?p=17829"},"modified":"2025-12-09T03:01:44","modified_gmt":"2025-12-09T03:01:44","slug":"cuba-condena-a-cadena-perpetua-a-exministro-por-espionaje","status":"publish","type":"post","link":"https:\/\/infozamoraec.com\/index.php\/2025\/12\/09\/cuba-condena-a-cadena-perpetua-a-exministro-por-espionaje\/","title":{"rendered":"Cuba condena a cadena perpetua a exministro por espionaje"},"content":{"rendered":"<p>El exministro de Econom\u00eda de Cuba Alejandro Gil fue condenado en primera instancia a cadena perpetua por espionaje y otros delitos econ\u00f3micos, inform\u00f3 este lunes (08.12.2025) el Tribunal Supremo Popular.<\/p>\n<p>\u00abEl Tribunal le impuso la sanci\u00f3n conjunta a cumplir de privaci\u00f3n perpetua de libertad\u00bb, al \u00abconsiderarlo responsable de los delitos de espionaje\u00bb y de \u00abactos en perjuicio de la actividad econ\u00f3mica\u00bb, se\u00f1al\u00f3 el m\u00e1ximo \u00f3rgano judicial de la isla en un comunicado publicado en su p\u00e1gina de internet.<\/p>\n<p>Al igual que sucedi\u00f3 cuando Gil fue imputado a comienzos de noviembre, la corte suprema no precisa en su comunicado para qu\u00e9 pa\u00eds o entidad se llevaron a cabo los actos de espionaje ni ofreci\u00f3 detalles de los delitos econ\u00f3micos.<\/p>\n<p>Los jueces tambi\u00e9n consideraron culpable tambi\u00e9n a Gil de da\u00f1o de documentos u otros objetos en custodia oficial y violaci\u00f3n de los sellos oficiales e infracci\u00f3n de las normas de protecci\u00f3n de documentos clasificados, de acuerdo con una nota del tribunal, difundida en medios oficiales.<\/p>\n<p>Cercano a D\u00edaz Canel<br \/>\nEl exministro y ex vice primer ministro, el mayor cargo pol\u00edtico condenado en Cuba en al menos 15 a\u00f1os, fue juzgado por estos delitos en un primer juicio que se celebr\u00f3 en La habana entre el 11 y el 13 de noviembre.<\/p>\n<p>Gil, de 61 a\u00f1os y quien ocup\u00f3 la cartera de Econom\u00eda entre 2018 y 2024, era conocido por su cercan\u00eda al presidente Miguel D\u00edaz-Canel.<\/p>\n<p>El exministro tambi\u00e9n fue objeto de un segundo proceso por el que recibi\u00f3 una condena de 20 a\u00f1os de prisi\u00f3n, a\u00f1adi\u00f3 la corte suprema.<\/p>\n<p>En ese otro juicio, Gil fue declarado culpable de delitos de cohecho, tr\u00e1fico de influencias y evasi\u00f3n fiscal, agreg\u00f3.<\/p>\n<p>Gil tiene ahora 10 d\u00edas para recurrir estas condenas. En el caso de la sanci\u00f3n de cadena perpetua, la legislaci\u00f3n cubana establece un recurso autom\u00e1tico, lo que implicar\u00e1 obligatoriamente un segundo juicio.<\/p>\n<p>Ambos juicios se celebraron en un tribunal ubicado en el oeste de La Habana y bajo hermetismo total.<\/p>\n<p>jc (afp, efe, Radio Reloj)<\/p>\n","protected":false},"excerpt":{"rendered":"<p>El exministro de Econom\u00eda de Cuba Alejandro Gil fue condenado en primera instancia a cadena perpetua por espionaje y otros delitos econ\u00f3micos, inform\u00f3 este lunes (08.12.2025) el Tribunal Supremo Popular. \u00abEl Tribunal le impuso la sanci\u00f3n conjunta a cumplir de privaci\u00f3n perpetua de libertad\u00bb, al \u00abconsiderarlo responsable de los delitos de espionaje\u00bb y de \u00abactos [&hellip;]<\/p>\n","protected":false},"author":1,"featured_media":17831,"comment_status":"open","ping_status":"open","sticky":false,"template":"","format":"standard","meta":{"footnotes":""},"categories":[8],"tags":[],"_links":{"self":[{"href":"https:\/\/infozamoraec.com\/index.php\/wp-json\/wp\/v2\/posts\/17829"}],"collection":[{"href":"https:\/\/infozamoraec.com\/index.php\/wp-json\/wp\/v2\/posts"}],"about":[{"href":"https:\/\/infozamoraec.com\/index.php\/wp-json\/wp\/v2\/types\/post"}],"author":[{"embeddable":true,"href":"https:\/\/infozamoraec.com\/index.php\/wp-json\/wp\/v2\/users\/1"}],"replies":[{"embeddable":true,"href":"https:\/\/infozamoraec.com\/index.php\/wp-json\/wp\/v2\/comments?post=17829"}],"version-history":[{"count":1,"href":"https:\/\/infozamoraec.com\/index.php\/wp-json\/wp\/v2\/posts\/17829\/revisions"}],"predecessor-version":[{"id":17832,"href":"https:\/\/infozamoraec.com\/index.php\/wp-json\/wp\/v2\/posts\/17829\/revisions\/17832"}],"wp:featuredmedia":[{"embeddable":true,"href":"https:\/\/infozamoraec.com\/index.php\/wp-json\/wp\/v2\/media\/17831"}],"wp:attachment":[{"href":"https:\/\/infozamoraec.com\/index.php\/wp-json\/wp\/v2\/media?parent=17829"}],"wp:term":[{"taxonomy":"category","embeddable":true,"href":"https:\/\/infozamoraec.com\/index.php\/wp-json\/wp\/v2\/categories?post=17829"},{"taxonomy":"post_tag","embeddable":true,"href":"https:\/\/infozamoraec.com\/index.php\/wp-json\/wp\/v2\/tags?post=17829"}],"curies":[{"name":"wp","href":"https:\/\/api.w.org\/{rel}","templated":true}]}}