{"id":17814,"date":"2025-12-09T02:52:05","date_gmt":"2025-12-09T02:52:05","guid":{"rendered":"https:\/\/infozamoraec.com\/?p=17814"},"modified":"2025-12-09T02:52:05","modified_gmt":"2025-12-09T02:52:05","slug":"tensiones-y-posturas-encontradas-marcan-sesion-sobre-la-creacion-de-la-universidad-de-zamora-chinchipe","status":"publish","type":"post","link":"https:\/\/infozamoraec.com\/index.php\/2025\/12\/09\/tensiones-y-posturas-encontradas-marcan-sesion-sobre-la-creacion-de-la-universidad-de-zamora-chinchipe\/","title":{"rendered":"Tensiones y posturas encontradas marcan sesi\u00f3n sobre la creaci\u00f3n de la Universidad de Zamora Chinchipe"},"content":{"rendered":"<p data-start=\"108\" data-end=\"566\">La Gobernaci\u00f3n de Zamora Chinchipe fue sede este lunes de la sesi\u00f3n de la Comisi\u00f3n T\u00e9cnica para el Seguimiento a la Gesti\u00f3n de los Procesos de Creaci\u00f3n de las Cuatro Universidades Estatales Amaz\u00f3nicas. El encuentro, presidido por la asamble\u00edsta Esperanza Rogel, abord\u00f3 el avance del proyecto para la creaci\u00f3n de la Universidad de Zamora Chinchipe; sin embargo, la jornada termin\u00f3 en medio de desacuerdos y la suspensi\u00f3n de la sesi\u00f3n.<\/p>\n<p data-start=\"568\" data-end=\"1140\">Durante la reuni\u00f3n, el rector de la Comisi\u00f3n Interinstitucional, David Sancho, propuso conformar una nueva comisi\u00f3n integrada por todos los asamble\u00edstas amaz\u00f3nicos que participan en estos procesos y solicitar una reforma legal que establezca de manera expl\u00edcita en qu\u00e9 cant\u00f3n debe ubicarse la futura universidad. Sancho cuestion\u00f3 lo que denomin\u00f3 \u201cincompetencias\u201d dentro del tr\u00e1mite actual, se\u00f1alando que estas habr\u00edan llevado a que la propuesta avance con la ubicaci\u00f3n del centro universitario en el cant\u00f3n El Pangui, una decisi\u00f3n que no cuenta con el consenso provincial.<\/p>\n<h3 data-start=\"1868\" data-end=\"1933\"><strong data-start=\"1872\" data-end=\"1933\">Ciudadan\u00eda y autoridades locales intervienen en el debate<\/strong><\/h3>\n<p data-start=\"1935\" data-end=\"2351\">Mientras se desarrollaba la sesi\u00f3n, en los exteriores de la Gobernaci\u00f3n se congregaron ciudadanos del cant\u00f3n El Pangui, respaldados por el Comit\u00e9 de Defensa de la Creaci\u00f3n de la Universidad en ese territorio. Los manifestantes expresaron su apoyo pleno a que la sede universitaria se establezca en El Pangui, destacando su compromiso con el proyecto y la necesidad de impulsar el desarrollo acad\u00e9mico desde esa zona.<\/p>\n<h3 data-start=\"1142\" data-end=\"1186\"><strong data-start=\"1146\" data-end=\"1186\">Rueda de prensa y cr\u00edticas al rector<\/strong><\/h3>\n<p data-start=\"1188\" data-end=\"1624\">Tras los incidentes registrados en la sesi\u00f3n 004, los asamble\u00edstas Juan Gonzaga (Sucumb\u00edos), Nuvia Vega (Orellana), Edwin Jarr\u00edn (Morona Santiago), Jos\u00e9 Luis Nango (Pastaza) y Esperanza Rogel (Zamora Chinchipe) ofrecieron una rueda de prensa. En su intervenci\u00f3n, lamentaron la actitud del rector Sancho, a quien acusaron de no entregar la informaci\u00f3n solicitada y de desconocer la autoridad de la comisi\u00f3n de forma \u201cgrosera y altanera\u201d.<\/p>\n<p data-start=\"1626\" data-end=\"1866\">Los legisladores recalcaron su compromiso con la transparencia del proceso y con el fortalecimiento del proyecto de creaci\u00f3n de las cuatro universidades estatales amaz\u00f3nicas, se\u00f1alando que continuar\u00e1n el seguimiento t\u00e9cnico correspondiente.<\/p>\n<h3 data-start=\"2789\" data-end=\"2820\"><strong data-start=\"2793\" data-end=\"2820\">Situaci\u00f3n en desarrollo<\/strong><\/h3>\n<p data-start=\"2822\" data-end=\"3242\" data-is-last-node=\"\" data-is-only-node=\"\">La suspensi\u00f3n de la sesi\u00f3n dej\u00f3 en evidencia las tensiones que persisten en torno a la ubicaci\u00f3n de la futura universidad y la necesidad de acuerdos claros entre los actores involucrados. La Comisi\u00f3n T\u00e9cnica deber\u00e1 reprogramar el an\u00e1lisis de la propuesta, mientras distintos sectores de la provincia mantienen su expectativa por una resoluci\u00f3n que responda a los intereses educativos y territoriales de Zamora Chinchipe<\/p>\n","protected":false},"excerpt":{"rendered":"<p>La Gobernaci\u00f3n de Zamora Chinchipe fue sede este lunes de la sesi\u00f3n de la Comisi\u00f3n T\u00e9cnica para el Seguimiento a la Gesti\u00f3n de los Procesos de Creaci\u00f3n de las Cuatro Universidades Estatales Amaz\u00f3nicas. El encuentro, presidido por la asamble\u00edsta Esperanza Rogel, abord\u00f3 el avance del proyecto para la creaci\u00f3n de la Universidad de Zamora Chinchipe; [&hellip;]<\/p>\n","protected":false},"author":1,"featured_media":17815,"comment_status":"open","ping_status":"open","sticky":false,"template":"","format":"standard","meta":{"footnotes":""},"categories":[9],"tags":[],"_links":{"self":[{"href":"https:\/\/infozamoraec.com\/index.php\/wp-json\/wp\/v2\/posts\/17814"}],"collection":[{"href":"https:\/\/infozamoraec.com\/index.php\/wp-json\/wp\/v2\/posts"}],"about":[{"href":"https:\/\/infozamoraec.com\/index.php\/wp-json\/wp\/v2\/types\/post"}],"author":[{"embeddable":true,"href":"https:\/\/infozamoraec.com\/index.php\/wp-json\/wp\/v2\/users\/1"}],"replies":[{"embeddable":true,"href":"https:\/\/infozamoraec.com\/index.php\/wp-json\/wp\/v2\/comments?post=17814"}],"version-history":[{"count":1,"href":"https:\/\/infozamoraec.com\/index.php\/wp-json\/wp\/v2\/posts\/17814\/revisions"}],"predecessor-version":[{"id":17816,"href":"https:\/\/infozamoraec.com\/index.php\/wp-json\/wp\/v2\/posts\/17814\/revisions\/17816"}],"wp:featuredmedia":[{"embeddable":true,"href":"https:\/\/infozamoraec.com\/index.php\/wp-json\/wp\/v2\/media\/17815"}],"wp:attachment":[{"href":"https:\/\/infozamoraec.com\/index.php\/wp-json\/wp\/v2\/media?parent=17814"}],"wp:term":[{"taxonomy":"category","embeddable":true,"href":"https:\/\/infozamoraec.com\/index.php\/wp-json\/wp\/v2\/categories?post=17814"},{"taxonomy":"post_tag","embeddable":true,"href":"https:\/\/infozamoraec.com\/index.php\/wp-json\/wp\/v2\/tags?post=17814"}],"curies":[{"name":"wp","href":"https:\/\/api.w.org\/{rel}","templated":true}]}}