{"id":17811,"date":"2025-12-09T02:40:30","date_gmt":"2025-12-09T02:40:30","guid":{"rendered":"https:\/\/infozamoraec.com\/?p=17811"},"modified":"2025-12-09T02:40:30","modified_gmt":"2025-12-09T02:40:30","slug":"intervencion-de-la-fuerza-publica-restablece-parcialmente-la-movilidad-en-zamora-chinchipe-tras-paralizacion-del-sector-minero","status":"publish","type":"post","link":"https:\/\/infozamoraec.com\/index.php\/2025\/12\/09\/intervencion-de-la-fuerza-publica-restablece-parcialmente-la-movilidad-en-zamora-chinchipe-tras-paralizacion-del-sector-minero\/","title":{"rendered":"Intervenci\u00f3n de la fuerza p\u00fablica restablece parcialmente la movilidad en Zamora Chinchipe tras paralizaci\u00f3n del sector minero"},"content":{"rendered":"<p data-start=\"132\" data-end=\"471\">La provincia de Zamora Chinchipe registr\u00f3 este lunes 8 de diciembre una jornada marcada por afectaciones viales, luego de que un paro convocado por representantes del sector minero en Centinela del C\u00f3ndor mantuviera cerrada, desde la tarde del domingo 07 de\u00a0 diciembre, la v\u00eda Troncal Amaz\u00f3nica a la altura del ingreso a Zumbi, dejando incomunicados a cinco cantones con la capital provincial.<\/p>\n<p data-start=\"473\" data-end=\"781\">Desde las primeras horas del d\u00eda, transportistas, comerciantes y familias que se desplazaban hacia Zamora quedaron detenidos en la ruta, mientras los manifestantes manten\u00edan la medida a la espera de respuestas a sus demandas relacionadas con procesos de regularizaci\u00f3n y el cese de destrucci\u00f3n de maquinaria.<\/p>\n<h3 data-start=\"783\" data-end=\"816\"><strong data-start=\"787\" data-end=\"816\">Operativo de intervenci\u00f3n<\/strong><\/h3>\n<p data-start=\"818\" data-end=\"1282\">Tras varias horas de acercamientos entre los dirigentes mineros, el Intendente de Polic\u00eda y posteriormente la Gobernadora, sin alcanzar acuerdos, la fuerza p\u00fablica ejecut\u00f3 un operativo conjunto entre la Polic\u00eda Nacional y las Fuerzas Armadas. Los uniformados despejaron la v\u00eda mediante el uso de gases lacrim\u00f3genos para dispersar a los manifestantes, argumentando la necesidad de garantizar el derecho al libre tr\u00e1nsito.<\/p>\n<p data-start=\"1284\" data-end=\"1418\">Durante la intervenci\u00f3n se registr\u00f3 la detenci\u00f3n de una persona, quien enfrentar\u00e1 acciones legales por la obstrucci\u00f3n de la carretera.<\/p>\n<h3 data-start=\"1420\" data-end=\"1459\"><strong data-start=\"1424\" data-end=\"1459\">Limpieza y habilitaci\u00f3n parcial<\/strong><\/h3>\n<p data-start=\"1461\" data-end=\"1877\">Maquinaria pesada trabaj\u00f3 en la remoci\u00f3n de obst\u00e1culos \u2014material p\u00e9treo, llantas quemadas y desechos\u2014 ubicados en el redondel de ingreso a Centinela del C\u00f3ndor y en el puente de Zumbi. La circulaci\u00f3n vehicular fue restablecida parcialmente, permitiendo el avance de buses interprovinciales y veh\u00edculos particulares que permanecieron retenidos desde la noche anterior con destino a Loja, Zamora, Yantzaza y El Pangui.<\/p>\n<p data-start=\"1879\" data-end=\"2076\">Aunque la v\u00eda qued\u00f3 despejada, grupos de manifestantes se replegaron hacia los accesos del puente de Zumbi y la ruta hacia Yantzaza, manteni\u00e9ndose en la zona y anticipando posibles nuevas acciones.<\/p>\n<h3 data-start=\"2078\" data-end=\"2108\"><strong data-start=\"2082\" data-end=\"2108\">Contexto del conflicto<\/strong><\/h3>\n<p data-start=\"2110\" data-end=\"2459\">La paralizaci\u00f3n inici\u00f3 la tarde del domingo, encabezada por actores del sector minero que afirman no recibir atenci\u00f3n a sus solicitudes en torno a la regularizaci\u00f3n de actividades extractivas. La falta de acuerdos reflej\u00f3, una vez m\u00e1s, las tensiones entre procesos de control estatal y sectores productivos que operan en condiciones de informalidad.<\/p>\n<p data-start=\"2461\" data-end=\"2702\">La reapertura parcial permiti\u00f3 que ciudadanos llegaran a Zamora, donde se desarrollaba la sesi\u00f3n de la Comisi\u00f3n T\u00e9cnica de Seguimiento para la Creaci\u00f3n de Universidades P\u00fablicas en la provincia, un encuentro de relevancia educativa y social.<\/p>\n<h3 data-start=\"2704\" data-end=\"2740\"><strong data-start=\"2708\" data-end=\"2740\">Pronunciamiento del Gobierno<\/strong><\/h3>\n<p data-start=\"3564\" data-end=\"3866\">El Gobierno rechaz\u00f3 lo que calific\u00f3 como \u201cmanipulaci\u00f3n pol\u00edtica\u201d de la conflictividad y reafirm\u00f3 su compromiso con un di\u00e1logo t\u00e9cnico, transparente y participativo con los sectores productivos, con el fin de construir soluciones que fortalezcan el desarrollo local y garanticen la convivencia pac\u00edfica.<\/p>\n<p data-start=\"3868\" data-end=\"4119\" data-is-last-node=\"\" data-is-only-node=\"\">La jornada concluy\u00f3 con el restablecimiento parcial del tr\u00e1nsito y la expectativa de que las autoridades y los sectores involucrados retomen espacios de di\u00e1logo que permitan enfrentar de manera estructural los desaf\u00edos socioecon\u00f3micos de la provincia.<\/p>\n","protected":false},"excerpt":{"rendered":"<p>La provincia de Zamora Chinchipe registr\u00f3 este lunes 8 de diciembre una jornada marcada por afectaciones viales, luego de que un paro convocado por representantes del sector minero en Centinela del C\u00f3ndor mantuviera cerrada, desde la tarde del domingo 07 de\u00a0 diciembre, la v\u00eda Troncal Amaz\u00f3nica a la altura del ingreso a Zumbi, dejando incomunicados [&hellip;]<\/p>\n","protected":false},"author":1,"featured_media":17812,"comment_status":"open","ping_status":"open","sticky":false,"template":"","format":"standard","meta":{"footnotes":""},"categories":[9],"tags":[],"_links":{"self":[{"href":"https:\/\/infozamoraec.com\/index.php\/wp-json\/wp\/v2\/posts\/17811"}],"collection":[{"href":"https:\/\/infozamoraec.com\/index.php\/wp-json\/wp\/v2\/posts"}],"about":[{"href":"https:\/\/infozamoraec.com\/index.php\/wp-json\/wp\/v2\/types\/post"}],"author":[{"embeddable":true,"href":"https:\/\/infozamoraec.com\/index.php\/wp-json\/wp\/v2\/users\/1"}],"replies":[{"embeddable":true,"href":"https:\/\/infozamoraec.com\/index.php\/wp-json\/wp\/v2\/comments?post=17811"}],"version-history":[{"count":1,"href":"https:\/\/infozamoraec.com\/index.php\/wp-json\/wp\/v2\/posts\/17811\/revisions"}],"predecessor-version":[{"id":17813,"href":"https:\/\/infozamoraec.com\/index.php\/wp-json\/wp\/v2\/posts\/17811\/revisions\/17813"}],"wp:featuredmedia":[{"embeddable":true,"href":"https:\/\/infozamoraec.com\/index.php\/wp-json\/wp\/v2\/media\/17812"}],"wp:attachment":[{"href":"https:\/\/infozamoraec.com\/index.php\/wp-json\/wp\/v2\/media?parent=17811"}],"wp:term":[{"taxonomy":"category","embeddable":true,"href":"https:\/\/infozamoraec.com\/index.php\/wp-json\/wp\/v2\/categories?post=17811"},{"taxonomy":"post_tag","embeddable":true,"href":"https:\/\/infozamoraec.com\/index.php\/wp-json\/wp\/v2\/tags?post=17811"}],"curies":[{"name":"wp","href":"https:\/\/api.w.org\/{rel}","templated":true}]}}