{"id":17804,"date":"2025-12-09T02:25:07","date_gmt":"2025-12-09T02:25:07","guid":{"rendered":"https:\/\/infozamoraec.com\/?p=17804"},"modified":"2025-12-09T02:25:07","modified_gmt":"2025-12-09T02:25:07","slug":"brigada-social-integral-se-desarrollo-en-yantzaza-con-atencion-gratuita-para-la-comunidad","status":"publish","type":"post","link":"https:\/\/infozamoraec.com\/index.php\/2025\/12\/09\/brigada-social-integral-se-desarrollo-en-yantzaza-con-atencion-gratuita-para-la-comunidad\/","title":{"rendered":"Brigada Social Integral se desarroll\u00f3 en Yantzaza con atenci\u00f3n gratuita para la comunidad"},"content":{"rendered":"<p data-start=\"95\" data-end=\"413\">El pasado 6 de diciembre se realiz\u00f3 la Brigada Social Integral en las instalaciones de la Unidad Educativa \u201cPrimero de Mayo\u201d de Yantzaza, en una jornada coordinada entre el Distrito 19D04 y el Instituto Ecuatoriano de Seguridad Social (IESS), con el objetivo de acercar servicios m\u00e9dicos y preventivos a la ciudadan\u00eda.<\/p>\n<p data-start=\"415\" data-end=\"714\">La actividad cont\u00f3 con la participaci\u00f3n de la gobernadora Ivonne Panchi y del delegado de la Coordinaci\u00f3n Zonal 7 de Salud,\u00a0 Paul Cuenca, quienes resaltaron la importancia del trabajo articulado entre instituciones para garantizar el cuidado integral de ni\u00f1as, ni\u00f1os, adolescentes y sus familias.<\/p>\n<p data-start=\"716\" data-end=\"775\">Durante la brigada, el Distrito 19D04 ofreci\u00f3 servicios en:<\/p>\n<ul data-start=\"777\" data-end=\"960\">\n<li data-start=\"777\" data-end=\"801\">\n<p data-start=\"779\" data-end=\"801\">Asesor\u00eda nutricional<\/p>\n<\/li>\n<li data-start=\"802\" data-end=\"823\">\n<p data-start=\"804\" data-end=\"823\">Control vectorial<\/p>\n<\/li>\n<li data-start=\"824\" data-end=\"858\">\n<p data-start=\"826\" data-end=\"858\">Vacunaci\u00f3n contra la influenza<\/p>\n<\/li>\n<li data-start=\"859\" data-end=\"908\">\n<p data-start=\"861\" data-end=\"908\">Tamizaje de VIH y control de presi\u00f3n arterial<\/p>\n<\/li>\n<li data-start=\"909\" data-end=\"944\">\n<p data-start=\"911\" data-end=\"944\">Atenci\u00f3n en salud intercultural<\/p>\n<\/li>\n<li data-start=\"945\" data-end=\"960\">\n<p data-start=\"947\" data-end=\"960\">Odontolog\u00eda<\/p>\n<\/li>\n<\/ul>\n<p data-start=\"962\" data-end=\"1079\">El Hospital B\u00e1sico de Yantzaza complement\u00f3 la jornada con consultas en ginecolog\u00eda, pediatr\u00eda, cirug\u00eda y obstetricia.<\/p>\n<p data-start=\"1081\" data-end=\"1406\" data-is-last-node=\"\" data-is-only-node=\"\">En su intervenci\u00f3n,\u00a0 Paul Cuenca agradeci\u00f3 a la ciudadan\u00eda por participar en esta iniciativa que promueve h\u00e1bitos saludables, detecci\u00f3n temprana de enfermedades y una atenci\u00f3n m\u00e1s cercana. Asimismo, reiter\u00f3 que el compromiso institucional es continuar fortaleciendo el bienestar comunitario mediante acciones conjuntas.<\/p>\n","protected":false},"excerpt":{"rendered":"<p>El pasado 6 de diciembre se realiz\u00f3 la Brigada Social Integral en las instalaciones de la Unidad Educativa \u201cPrimero de Mayo\u201d de Yantzaza, en una jornada coordinada entre el Distrito 19D04 y el Instituto Ecuatoriano de Seguridad Social (IESS), con el objetivo de acercar servicios m\u00e9dicos y preventivos a la ciudadan\u00eda. La actividad cont\u00f3 con [&hellip;]<\/p>\n","protected":false},"author":1,"featured_media":17805,"comment_status":"open","ping_status":"open","sticky":false,"template":"","format":"standard","meta":{"footnotes":""},"categories":[9],"tags":[],"_links":{"self":[{"href":"https:\/\/infozamoraec.com\/index.php\/wp-json\/wp\/v2\/posts\/17804"}],"collection":[{"href":"https:\/\/infozamoraec.com\/index.php\/wp-json\/wp\/v2\/posts"}],"about":[{"href":"https:\/\/infozamoraec.com\/index.php\/wp-json\/wp\/v2\/types\/post"}],"author":[{"embeddable":true,"href":"https:\/\/infozamoraec.com\/index.php\/wp-json\/wp\/v2\/users\/1"}],"replies":[{"embeddable":true,"href":"https:\/\/infozamoraec.com\/index.php\/wp-json\/wp\/v2\/comments?post=17804"}],"version-history":[{"count":2,"href":"https:\/\/infozamoraec.com\/index.php\/wp-json\/wp\/v2\/posts\/17804\/revisions"}],"predecessor-version":[{"id":17807,"href":"https:\/\/infozamoraec.com\/index.php\/wp-json\/wp\/v2\/posts\/17804\/revisions\/17807"}],"wp:featuredmedia":[{"embeddable":true,"href":"https:\/\/infozamoraec.com\/index.php\/wp-json\/wp\/v2\/media\/17805"}],"wp:attachment":[{"href":"https:\/\/infozamoraec.com\/index.php\/wp-json\/wp\/v2\/media?parent=17804"}],"wp:term":[{"taxonomy":"category","embeddable":true,"href":"https:\/\/infozamoraec.com\/index.php\/wp-json\/wp\/v2\/categories?post=17804"},{"taxonomy":"post_tag","embeddable":true,"href":"https:\/\/infozamoraec.com\/index.php\/wp-json\/wp\/v2\/tags?post=17804"}],"curies":[{"name":"wp","href":"https:\/\/api.w.org\/{rel}","templated":true}]}}